{"id":226575,"date":"2025-04-29T11:30:05","date_gmt":"2025-04-29T11:30:05","guid":{"rendered":"https:\/\/www.gscglobalservice.com\/it\/?p=226575"},"modified":"2025-04-29T18:40:20","modified_gmt":"2025-04-29T18:40:20","slug":"dote-scuola-2025-2026","status":"publish","type":"post","link":"https:\/\/www.gscglobalservice.com\/it\/2025\/04\/29\/dote-scuola-2025-2026\/","title":{"rendered":"Dote Scuola 2025-2026"},"content":{"rendered":"<p>[et_pb_section fb_built=&#8221;1&#8243; _builder_version=&#8221;4.4.4&#8243;][et_pb_row _builder_version=&#8221;4.4.4&#8243;][et_pb_column type=&#8221;4_4&#8243; _builder_version=&#8221;4.4.4&#8243;][et_pb_code _builder_version=&#8221;4.4.4&#8243; width=&#8221;100%&#8221;]<div id=\"ez-toc-container\" class=\"ez-toc-v2_0_72 counter-hierarchy ez-toc-counter ez-toc-grey ez-toc-container-direction\">\n<div class=\"ez-toc-title-container\">\n<p class=\"ez-toc-title\" style=\"cursor:inherit\">Indice dei contenuti<\/p>\n<span class=\"ez-toc-title-toggle\"><a href=\"#\" class=\"ez-toc-pull-right ez-toc-btn ez-toc-btn-xs ez-toc-btn-default ez-toc-toggle\" aria-label=\"Toggle Table of Content\"><span class=\"ez-toc-js-icon-con\"><span class=\"\"><span class=\"eztoc-hide\" style=\"display:none;\">Toggle<\/span><span class=\"ez-toc-icon-toggle-span\"><svg style=\"fill: #999;color:#999\" xmlns=\"http:\/\/www.w3.org\/2000\/svg\" class=\"list-377408\" width=\"20px\" height=\"20px\" viewBox=\"0 0 24 24\" fill=\"none\"><path d=\"M6 6H4v2h2V6zm14 0H8v2h12V6zM4 11h2v2H4v-2zm16 0H8v2h12v-2zM4 16h2v2H4v-2zm16 0H8v2h12v-2z\" fill=\"currentColor\"><\/path><\/svg><svg style=\"fill: #999;color:#999\" class=\"arrow-unsorted-368013\" xmlns=\"http:\/\/www.w3.org\/2000\/svg\" width=\"10px\" height=\"10px\" viewBox=\"0 0 24 24\" version=\"1.2\" baseProfile=\"tiny\"><path d=\"M18.2 9.3l-6.2-6.3-6.2 6.3c-.2.2-.3.4-.3.7s.1.5.3.7c.2.2.4.3.7.3h11c.3 0 .5-.1.7-.3.2-.2.3-.5.3-.7s-.1-.5-.3-.7zM5.8 14.7l6.2 6.3 6.2-6.3c.2-.2.3-.5.3-.7s-.1-.5-.3-.7c-.2-.2-.4-.3-.7-.3h-11c-.3 0-.5.1-.7.3-.2.2-.3.5-.3.7s.1.5.3.7z\"\/><\/svg><\/span><\/span><\/span><\/a><\/span><\/div>\n<nav><ul class='ez-toc-list ez-toc-list-level-1 ' ><li class='ez-toc-page-1 ez-toc-heading-level-1'><a class=\"ez-toc-link ez-toc-heading-1\" href=\"https:\/\/www.gscglobalservice.com\/it\/2025\/04\/29\/dote-scuola-2025-2026\/#Cose_e_a_chi_spetta_la_Dote_Scuola\" title=\"Cos&#8217;\u00e8 e a chi spetta la Dote Scuola?\">Cos&#8217;\u00e8 e a chi spetta la Dote Scuola?<\/a><\/li><li class='ez-toc-page-1 ez-toc-heading-level-1'><a class=\"ez-toc-link ez-toc-heading-2\" href=\"https:\/\/www.gscglobalservice.com\/it\/2025\/04\/29\/dote-scuola-2025-2026\/#Quali_bandi_prevede_il_sistema_Dote_Scuola\" title=\"Quali bandi prevede il sistema Dote Scuola?\">Quali bandi prevede il sistema Dote Scuola?<\/a><ul class='ez-toc-list-level-2' ><li class='ez-toc-heading-level-2'><a class=\"ez-toc-link ez-toc-heading-3\" href=\"https:\/\/www.gscglobalservice.com\/it\/2025\/04\/29\/dote-scuola-2025-2026\/#Materiale_didattico_APERTO_IL_BANDO\" title=\"Materiale didattico: APERTO IL BANDO.\">Materiale didattico: APERTO IL BANDO.<\/a><\/li><li class='ez-toc-page-1 ez-toc-heading-level-2'><a class=\"ez-toc-link ez-toc-heading-4\" href=\"https:\/\/www.gscglobalservice.com\/it\/2025\/04\/29\/dote-scuola-2025-2026\/#Sostegno_disabili\" title=\"Sostegno disabili.\">Sostegno disabili.<\/a><\/li><li class='ez-toc-page-1 ez-toc-heading-level-2'><a class=\"ez-toc-link ez-toc-heading-5\" href=\"https:\/\/www.gscglobalservice.com\/it\/2025\/04\/29\/dote-scuola-2025-2026\/#Merito\" title=\"Merito.\">Merito.<\/a><\/li><li class='ez-toc-page-1 ez-toc-heading-level-2'><a class=\"ez-toc-link ez-toc-heading-6\" href=\"https:\/\/www.gscglobalservice.com\/it\/2025\/04\/29\/dote-scuola-2025-2026\/#Buono_Scuola\" title=\"Buono Scuola.\">Buono Scuola.<\/a><\/li><\/ul><\/li><\/ul><\/nav><\/div>\n[\/et_pb_code][et_pb_text _builder_version=&#8221;4.4.4&#8243; text_text_color=&#8221;#0c71c3&#8243;]<\/p>\n<h1><span class=\"ez-toc-section\" id=\"Cose_e_a_chi_spetta_la_Dote_Scuola\"><\/span><strong>Cos&#8217;\u00e8 e a chi spetta la Dote Scuola?<\/strong><span class=\"ez-toc-section-end\"><\/span><\/h1>\n<p>[\/et_pb_text][et_pb_text _builder_version=&#8221;4.4.4&#8243; text_font_size=&#8221;20px&#8221;]<\/p>\n<p>Dote Scuola \u00e8 la politica di Regione Lombardia che prevede <strong>quattro tipologie di contributi<\/strong>,<strong>\u00a0<\/strong><span>per sostenere economicamente il percorso educativo di studenti e studentesse, <strong>dai 3 ai 21 anni<\/strong>, residenti in Lombardia e frequentanti corsi ordinari di istruzione o formazione professionale (IeFP), per favorire la libera scelta dei percorsi educativi e contrastare l&#8217;abbandono scolastico.<\/span><\/p>\n<p>[\/et_pb_text][et_pb_text _builder_version=&#8221;4.4.4&#8243; text_text_color=&#8221;#0c71c3&#8243;]<\/p>\n<h1><span class=\"ez-toc-section\" id=\"Quali_bandi_prevede_il_sistema_Dote_Scuola\"><\/span><strong>Quali bandi prevede il sistema Dote Scuola?<\/strong><span class=\"ez-toc-section-end\"><\/span><\/h1>\n<p>[\/et_pb_text][et_pb_text _builder_version=&#8221;4.4.4&#8243; text_font_size=&#8221;20px&#8221;]<\/p>\n<p>Il sistema Dote Scuola\u00a0prevede quattro bandi nel corso di ciascun anno scolastico, rivolti a differenti tipologie di studenti o di scuole:<\/p>\n<p>[\/et_pb_text][et_pb_text _builder_version=&#8221;4.4.4&#8243; text_font_size=&#8221;20px&#8221; header_2_font_size=&#8221;29px&#8221;]<\/p>\n<h2><span class=\"ez-toc-section\" id=\"Materiale_didattico_APERTO_IL_BANDO\"><\/span><strong>Materiale didattico: APERTO IL BANDO.<\/strong><span class=\"ez-toc-section-end\"><\/span><\/h2>\n<p>Contributo\u00a0finalizzato all\u2019acquisto di libri di testo, dotazioni tecnologiche e strumenti per la didattica. \u00c8 destinato agli studenti di et\u00e0 inferiore ai 21 anni, residenti in Lombardia, iscritti e frequentanti scuole secondarie di primo e secondo grado, statali e paritarie (inclusi corsi di Istruzione e Formazione Professionale).\u00a0Gli Istituti devono aver sede in Lombardia o nelle Regioni confinanti, purch\u00e9 lo studente rientri quotidianamente alla propria residenza.<\/p>\n<p><span><span style=\"color: #339966;\"><strong>REQUISITO ISEE<\/strong><\/span>: per accedere al contributo occorre essere in possesso di un valore ISEE \u2013 richiesto a partire dal 1\u00b0 gennaio 2025 ed in corso di validit\u00e0 all\u2019atto di presentazione della domanda \u2013 non superiore a <strong>\u20ac 15.748,78.\u00a0<\/strong><\/span><\/p>\n<p><strong><span style=\"color: #993300;\">PRESENTAZIONE DOMANDA<\/span><\/strong>: pu\u00f2 essere effettuata a partire dall\u2019 <strong>8 aprile 2025<\/strong> ore 12.00 e fino al <strong>22 maggio 2025<\/strong> ore 12.00\u00a0attraverso la piattaforma &#8220;<a href=\"https:\/\/www.bandi.regione.lombardia.it\/servizi\/servizio\/catalogo\/dettaglio\/istruzione-formazione-lavoro\/diritto-dovere-istruzione\/dote-scuola-componente-materiale-didattico-anno-scolastico-formativo-2025-2026-borsa-studio-statale-anno-scolastico-2024-2025-RLW12025044685\">Bandi e Servizi<\/a>&#8220;<\/p>\n<p>&nbsp;<\/p>\n<p>[\/et_pb_text][et_pb_text _builder_version=&#8221;4.4.4&#8243; text_font_size=&#8221;20px&#8221; header_2_font_size=&#8221;29px&#8221;]<\/p>\n<h2><span class=\"ez-toc-section\" id=\"Sostegno_disabili\"><\/span><strong>Sostegno disabili.<\/strong><span class=\"ez-toc-section-end\"><\/span><\/h2>\n<p>Bando rivolto alle scuole per la copertura parziale dei costi del personale insegnante, impegnato in attivit\u00e0 didattica <strong>di sostegno<\/strong>, nelle scuole paritarie dell\u2019infanzia non comunali, primarie e secondarie di primo e secondo grado.<\/p>\n<p><strong><span style=\"color: #993300;\">PRESENTAZIONE DOMANDA<\/span><\/strong>: Il bando per la raccolta delle domande riferite all\u2019anno scolastico 2024\/2025 si aprir\u00e0 in primavera 2025, presumibilmente all\u2019inizio del mese di maggio.<\/p>\n<p>&nbsp;<\/p>\n<p>[\/et_pb_text][et_pb_text _builder_version=&#8221;4.4.4&#8243; text_font_size=&#8221;20px&#8221; header_2_font_size=&#8221;29px&#8221;]<\/p>\n<h2><span class=\"ez-toc-section\" id=\"Merito\"><\/span><strong>Merito.<\/strong><span class=\"ez-toc-section-end\"><\/span><\/h2>\n<p><span>Iniziativa per premiare gli studenti che conseguono risultati eccellenti:<\/span><\/p>\n<p>&#8211; valutazione media pari o superiore a nove nelle classi terze e quarte delle scuole secondarie di secondo grado;<\/p>\n<p>&#8211; valutazione di cento e lode all\u2019esame di Stato per le classi quinte delle scuole secondarie di secondo grado;<\/p>\n<p>&#8211; valutazione finale di cento all\u2019esame di diploma professionale per le classi quarte di Istruzione e Formazione Professionale.<\/p>\n<p><span style=\"color: #993300;\"><strong>PRESENTAZIONE DOMANDA<\/strong><\/span>: Il bando riferito all\u2019anno scolastico 2024\/2025 aprir\u00e0 in autunno 2025, presumibilmente nel mese di settembre.<\/p>\n<p>&nbsp;<\/p>\n<p>[\/et_pb_text][et_pb_text _builder_version=&#8221;4.4.4&#8243; text_font_size=&#8221;20px&#8221; header_2_font_size=&#8221;29px&#8221;]<\/p>\n<h2><span class=\"ez-toc-section\" id=\"Buono_Scuola\"><\/span><strong>Buono Scuola.<\/strong><span class=\"ez-toc-section-end\"><\/span><\/h2>\n<p><span>A sostegno delle famiglie degli studenti che frequentano una classe delle scuole primarie e secondarie di primo e secondo grado, paritarie o statali, che prevedono una retta di iscrizione e frequenza.<\/span><\/p>\n<p><span style=\"color: #993300;\"><strong>PRESENTAZIONE DOMANDA<\/strong><\/span>: Il bando per l\u2019anno scolastico 2025\/2026 si aprir\u00e0 in autunno 2025, presumibilmente all\u2019inizio del mese di novembre.\u00a0<\/p>\n<p>[\/et_pb_text][\/et_pb_column][\/et_pb_row][\/et_pb_section][et_pb_section fb_built=&#8221;1&#8243; admin_label=&#8221;Process&#8221; _builder_version=&#8221;3.26&#8243; custom_margin=&#8221;|40px||40px|false|true&#8221; custom_padding=&#8221;||0px|||&#8221; saved_tabs=&#8221;all&#8221; locked=&#8221;off&#8221;][et_pb_row column_structure=&#8221;1_4,1_4,1_4,1_4&#8243; _builder_version=&#8221;3.26&#8243; width=&#8221;100%&#8221; max_width=&#8221;100%&#8221; custom_margin=&#8221;||15px||false|false&#8221;][et_pb_column type=&#8221;1_4&#8243; _builder_version=&#8221;3.25&#8243; custom_padding=&#8221;|||&#8221; custom_padding__hover=&#8221;|||&#8221;][et_pb_blurb icon_placement=&#8221;left&#8221; _builder_version=&#8221;4.4.4&#8243; header_level=&#8221;h3&#8243; header_font=&#8221;||||||||&#8221; header_text_align=&#8221;right&#8221; header_font_size=&#8221;18px&#8221; header_line_height=&#8221;2.3em&#8221; body_font=&#8221;Raleway|300|||||||&#8221; body_text_color=&#8221;#999999&#8243; body_font_size=&#8221;16px&#8221; body_line_height=&#8221;1.8em&#8221; text_orientation=&#8221;right&#8221; custom_margin=&#8221;-9px|41px|||false|false&#8221; custom_padding=&#8221;||||false|false&#8221; animation_style=&#8221;slide&#8221; animation_direction=&#8221;left&#8221; animation_duration=&#8221;500ms&#8221; animation_intensity_slide=&#8221;5%&#8221; animation_starting_opacity=&#8221;100%&#8221; header_font_size_tablet=&#8221;&#8221; header_font_size_phone=&#8221;16px&#8221; header_font_size_last_edited=&#8221;on|phone&#8221; custom_css_blurb_image=&#8221;float:right;||&#8221;]<\/p>\n<p><strong>CHI SIAMO E I NOSTRI CONTATTI:<\/strong><\/p>\n<p>[\/et_pb_blurb][\/et_pb_column][et_pb_column type=&#8221;1_4&#8243; _builder_version=&#8221;3.25&#8243; custom_padding=&#8221;|||&#8221; custom_padding__hover=&#8221;|||&#8221;][et_pb_text _builder_version=&#8221;4.4.4&#8243; text_font=&#8221;Raleway|300|||||||&#8221; text_font_size=&#8221;16px&#8221; text_line_height=&#8221;1.8em&#8221; header_font=&#8221;|700||on|||||&#8221; header_font_size=&#8221;80px&#8221; header_2_font=&#8221;Lato||||||||&#8221; header_2_font_size=&#8221;46px&#8221; header_3_font=&#8221;||||||||&#8221; header_3_font_size=&#8221;20px&#8221; text_text_align=&#8221;left&#8221;]<\/p>\n<p><span style=\"font-size: 18.72px;\"><strong>Global service center s.a.s.<\/strong><\/span><\/p>\n<p><span style=\"font-size: 16px;\">Centro servizi CAF &#8211; PATRONATO &#8211; <\/span><span style=\"font-size: 16px;\">SERVIZI DI CONTABILITA&#8217;<\/span><\/p>\n<p><span style=\"font-size: 16px;\">Siamo aperti al pubblico\u00a0da lunedi al giovedi dalle ore:<\/span><\/p>\n<p><span style=\"font-size: 16px;\">09.30-13.30<br \/> 14.00-18.00<\/span><\/p>\n<p><span style=\"font-size: 16px;\">E il venerd\u00ec dalle ore:<\/span><\/p>\n<p><span style=\"font-size: 16px;\">9:30-13:30<\/span><\/p>\n<p>[\/et_pb_text][\/et_pb_column][et_pb_column type=&#8221;1_4&#8243; _builder_version=&#8221;3.25&#8243; custom_padding=&#8221;|||&#8221; custom_padding__hover=&#8221;|||&#8221;][et_pb_text _builder_version=&#8221;4.4.4&#8243; text_font=&#8221;Raleway|300|||||||&#8221; text_font_size=&#8221;16px&#8221; text_line_height=&#8221;1.8em&#8221; header_font=&#8221;|700||on|||||&#8221; header_font_size=&#8221;80px&#8221; header_2_font=&#8221;Lato||||||||&#8221; header_2_font_size=&#8221;46px&#8221; header_3_font=&#8221;||||||||&#8221; header_3_font_size=&#8221;20px&#8221; custom_margin=&#8221;||9px|||&#8221; text_text_align=&#8221;left&#8221;]<\/p>\n<p><span style=\"font-size: 18.72px;\"><strong>Contattaci<\/strong><\/span><\/p>\n<p>[\/et_pb_text][et_pb_text _builder_version=&#8221;4.4.4&#8243; text_font=&#8221;Raleway|300|||||||&#8221; text_font_size=&#8221;16px&#8221; text_line_height=&#8221;1.8em&#8221; header_font=&#8221;|700||on|||||&#8221; header_font_size=&#8221;80px&#8221; header_2_font=&#8221;Lato||||||||&#8221; header_2_font_size=&#8221;46px&#8221; header_3_font=&#8221;||||||||&#8221; header_3_font_size=&#8221;20px&#8221; custom_margin=&#8221;||9px|||&#8221; text_text_align=&#8221;left&#8221;]<\/p>\n<p><span style=\"color: #000000;\"><em>Scannerizza il codice o <a href=\"https:\/\/typecard.com\/c141a6b1\">clicca qui<\/a><\/em><\/span><span style=\"color: #000000;\"><em><a href=\"https:\/\/typecard.com\/c141a6b1\">\u00a0<\/a>per i nostri contatti<\/em><\/span><\/p>\n<p>[\/et_pb_text][et_pb_image src=&#8221;https:\/\/www.gscglobalservice.com\/it\/wp-content\/uploads\/2024\/12\/IMG_3264.jpeg&#8221; title_text=&#8221;IMG_3264&#8243; url_new_window=&#8221;on&#8221; _builder_version=&#8221;4.4.4&#8243; width=&#8221;50%&#8221;][\/et_pb_image][\/et_pb_column][et_pb_column type=&#8221;1_4&#8243; _builder_version=&#8221;3.25&#8243; custom_padding=&#8221;|||&#8221; custom_padding__hover=&#8221;|||&#8221;][et_pb_text _builder_version=&#8221;4.4.4&#8243; text_font=&#8221;Raleway|300|||||||&#8221; text_font_size=&#8221;16px&#8221; text_line_height=&#8221;1.8em&#8221; header_font=&#8221;|700||on|||||&#8221; header_font_size=&#8221;80px&#8221; header_2_font=&#8221;Lato||||||||&#8221; header_2_font_size=&#8221;46px&#8221; header_3_font=&#8221;||||||||&#8221; header_3_font_size=&#8221;20px&#8221; text_text_align=&#8221;left&#8221;]<\/p>\n<p><strong>Informazioni<\/strong><\/p>\n<p><span style=\"font-size: 16px;\"><a href=\"#\">Privacy Policy<\/a><br \/> <a href=\"#\">F.A.Q.<\/a><br \/> <a href=\"#\">Blog<\/a><br \/> <a href=\"#\">Terms &amp; Conditions<\/a><\/span><\/p>\n<p>[\/et_pb_text][et_pb_image src=&#8221;https:\/\/www.gscglobalservice.com\/it\/wp-content\/uploads\/2020\/12\/pwa_ico.png&#8221; title_text=&#8221;pwa_ico&#8221; _builder_version=&#8221;4.4.4&#8243; width=&#8221;16%&#8221;][\/et_pb_image][\/et_pb_column][\/et_pb_row][\/et_pb_section]<\/p>\n","protected":false},"excerpt":{"rendered":"<p>[et_pb_section fb_built=&#8221;1&#8243; _builder_version=&#8221;4.4.4&#8243;][et_pb_row _builder_version=&#8221;4.4.4&#8243;][et_pb_column type=&#8221;4_4&#8243; _builder_version=&#8221;4.4.4&#8243;][et_pb_code _builder_version=&#8221;4.4.4&#8243; width=&#8221;100%&#8221;][\/et_pb_code][et_pb_text _builder_version=&#8221;4.4.4&#8243; text_text_color=&#8221;#0c71c3&#8243;] Cos&#8217;\u00e8 e a chi spetta la Dote Scuola? [\/et_pb_text][et_pb_text _builder_version=&#8221;4.4.4&#8243; text_font_size=&#8221;20px&#8221;] Dote Scuola \u00e8 la politica di Regione Lombardia che prevede quattro tipologie di contributi,\u00a0per sostenere economicamente il percorso educativo di studenti e studentesse, dai 3 ai 21 anni, residenti in Lombardia e frequentanti corsi [&hellip;]<\/p>\n","protected":false},"author":3,"featured_media":226580,"comment_status":"closed","ping_status":"closed","sticky":false,"template":"","format":"standard","meta":{"_et_pb_use_builder":"on","_et_pb_old_content":"","_et_gb_content_width":"","om_disable_all_campaigns":false,"_monsterinsights_skip_tracking":false,"jetpack_publicize_message":"","jetpack_is_tweetstorm":false,"jetpack_publicize_feature_enabled":true,"jetpack_social_post_already_shared":true,"jetpack_social_options":{"image_generator_settings":{"template":"highway","enabled":false}}},"categories":[1],"tags":[],"jetpack_publicize_connections":[],"jetpack_sharing_enabled":true,"jetpack_featured_media_url":"https:\/\/i0.wp.com\/www.gscglobalservice.com\/it\/wp-content\/uploads\/2025\/04\/dote-scuola-2025-2026.jpg?fit=1024%2C650&ssl=1","jetpack-related-posts":[{"id":226368,"url":"https:\/\/www.gscglobalservice.com\/it\/2025\/02\/16\/assegno-di-inclusione\/","url_meta":{"origin":226575,"position":0},"title":"Assegno di Inclusione","author":"Alessandra Trevisan","date":"Febbraio 16, 2025","format":false,"excerpt":"L'Assegno di Inclusione (ADI) \u00e8 una misura nazionale di contrasto alla povert\u00e0, alla fragilit\u00e0 e all'esclusione sociale delle\u2026","rel":"","context":"Articolo simile","block_context":{"text":"Articolo simile","link":""},"img":{"alt_text":"","src":"","width":0,"height":0},"classes":[]},{"id":226725,"url":"https:\/\/www.gscglobalservice.com\/it\/2025\/12\/31\/pos-e-registratori-di-cassa-collegati-dal-2026\/","url_meta":{"origin":226575,"position":1},"title":"POS E REGISTRATORI DI CASSA COLLEGATI DAL 2026","author":"Alessandra Trevisan","date":"Dicembre 31, 2025","format":false,"excerpt":"L'obiettivo \u00e8 di ridurre al minimo\u2026","rel":"","context":"Articolo simile","block_context":{"text":"Articolo simile","link":""},"img":{"alt_text":"","src":"https:\/\/i0.wp.com\/www.gscglobalservice.com\/it\/wp-content\/uploads\/2025\/12\/articolo-2.png?fit=1057%2C452&ssl=1&resize=350%2C200","width":350,"height":200,"srcset":"https:\/\/i0.wp.com\/www.gscglobalservice.com\/it\/wp-content\/uploads\/2025\/12\/articolo-2.png?fit=1057%2C452&ssl=1&resize=350%2C200 1x, https:\/\/i0.wp.com\/www.gscglobalservice.com\/it\/wp-content\/uploads\/2025\/12\/articolo-2.png?fit=1057%2C452&ssl=1&resize=525%2C300 1.5x, https:\/\/i0.wp.com\/www.gscglobalservice.com\/it\/wp-content\/uploads\/2025\/12\/articolo-2.png?fit=1057%2C452&ssl=1&resize=700%2C400 2x, https:\/\/i0.wp.com\/www.gscglobalservice.com\/it\/wp-content\/uploads\/2025\/12\/articolo-2.png?fit=1057%2C452&ssl=1&resize=1050%2C600 3x"},"classes":[]},{"id":226894,"url":"https:\/\/www.gscglobalservice.com\/it\/2026\/01\/04\/bonus-casa-o-ristrutturazioni\/","url_meta":{"origin":226575,"position":2},"title":"Bonus Casa (o Ristrutturazioni)","author":"Alessandra Trevisan","date":"Gennaio 4, 2026","format":false,"excerpt":"La\u2026","rel":"","context":"Articolo simile","block_context":{"text":"Articolo simile","link":""},"img":{"alt_text":"","src":"https:\/\/i0.wp.com\/www.gscglobalservice.com\/it\/wp-content\/uploads\/2026\/01\/casa-bonus.png?fit=1057%2C452&ssl=1&resize=350%2C200","width":350,"height":200,"srcset":"https:\/\/i0.wp.com\/www.gscglobalservice.com\/it\/wp-content\/uploads\/2026\/01\/casa-bonus.png?fit=1057%2C452&ssl=1&resize=350%2C200 1x, https:\/\/i0.wp.com\/www.gscglobalservice.com\/it\/wp-content\/uploads\/2026\/01\/casa-bonus.png?fit=1057%2C452&ssl=1&resize=525%2C300 1.5x, https:\/\/i0.wp.com\/www.gscglobalservice.com\/it\/wp-content\/uploads\/2026\/01\/casa-bonus.png?fit=1057%2C452&ssl=1&resize=700%2C400 2x, https:\/\/i0.wp.com\/www.gscglobalservice.com\/it\/wp-content\/uploads\/2026\/01\/casa-bonus.png?fit=1057%2C452&ssl=1&resize=1050%2C600 3x"},"classes":[]},{"id":226319,"url":"https:\/\/www.gscglobalservice.com\/it\/2025\/02\/16\/assegno-unico-universale\/","url_meta":{"origin":226575,"position":3},"title":"Assegno Unico Universale","author":"Alessandra Trevisan","date":"Febbraio 16, 2025","format":false,"excerpt":"L'assegno unico \u00e8 la prestazione economica riconosciuta alle famiglie con figli a carico.\u2026","rel":"","context":"Articolo simile","block_context":{"text":"Articolo simile","link":""},"img":{"alt_text":"","src":"","width":0,"height":0},"classes":[]}],"_links":{"self":[{"href":"https:\/\/www.gscglobalservice.com\/it\/wp-json\/wp\/v2\/posts\/226575"}],"collection":[{"href":"https:\/\/www.gscglobalservice.com\/it\/wp-json\/wp\/v2\/posts"}],"about":[{"href":"https:\/\/www.gscglobalservice.com\/it\/wp-json\/wp\/v2\/types\/post"}],"author":[{"embeddable":true,"href":"https:\/\/www.gscglobalservice.com\/it\/wp-json\/wp\/v2\/users\/3"}],"replies":[{"embeddable":true,"href":"https:\/\/www.gscglobalservice.com\/it\/wp-json\/wp\/v2\/comments?post=226575"}],"version-history":[{"count":25,"href":"https:\/\/www.gscglobalservice.com\/it\/wp-json\/wp\/v2\/posts\/226575\/revisions"}],"predecessor-version":[{"id":226626,"href":"https:\/\/www.gscglobalservice.com\/it\/wp-json\/wp\/v2\/posts\/226575\/revisions\/226626"}],"wp:featuredmedia":[{"embeddable":true,"href":"https:\/\/www.gscglobalservice.com\/it\/wp-json\/wp\/v2\/media\/226580"}],"wp:attachment":[{"href":"https:\/\/www.gscglobalservice.com\/it\/wp-json\/wp\/v2\/media?parent=226575"}],"wp:term":[{"taxonomy":"category","embeddable":true,"href":"https:\/\/www.gscglobalservice.com\/it\/wp-json\/wp\/v2\/categories?post=226575"},{"taxonomy":"post_tag","embeddable":true,"href":"https:\/\/www.gscglobalservice.com\/it\/wp-json\/wp\/v2\/tags?post=226575"}],"curies":[{"name":"wp","href":"https:\/\/api.w.org\/{rel}","templated":true}]}}