{"id":226319,"date":"2025-02-16T16:06:27","date_gmt":"2025-02-16T16:06:27","guid":{"rendered":"https:\/\/www.gscglobalservice.com\/it\/?p=226319"},"modified":"2025-02-16T17:36:50","modified_gmt":"2025-02-16T17:36:50","slug":"assegno-unico-universale","status":"publish","type":"post","link":"https:\/\/www.gscglobalservice.com\/it\/2025\/02\/16\/assegno-unico-universale\/","title":{"rendered":"Assegno Unico Universale"},"content":{"rendered":"<p>[et_pb_section fb_built=&#8221;1&#8243; admin_label=&#8221;Process&#8221; _builder_version=&#8221;4.4.4&#8243; background_color=&#8221;#d2e4f9&#8243; custom_margin=&#8221;|-31px||-31px|false|false&#8221; custom_padding=&#8221;||0px|||&#8221; saved_tabs=&#8221;all&#8221; locked=&#8221;off&#8221;][et_pb_row _builder_version=&#8221;4.4.4&#8243;][et_pb_column type=&#8221;4_4&#8243; _builder_version=&#8221;4.4.4&#8243;][et_pb_image src=&#8221;https:\/\/www.gscglobalservice.com\/it\/wp-content\/uploads\/2025\/02\/28d926001f6f2ee334c143ec7b3e0151_XL.jpg&#8221; title_text=&#8221;1200x900_IMG_0005&#8243; align=&#8221;center&#8221; src_tablet=&#8221;&#8221; src_phone=&#8221;https:\/\/www.gscglobalservice.com\/it\/wp-content\/uploads\/2025\/02\/1200x900_IMG_0005.jpg&#8221; src_last_edited=&#8221;on|desktop&#8221; _builder_version=&#8221;4.4.4&#8243; height=&#8221;291px&#8221;][\/et_pb_image][\/et_pb_column][\/et_pb_row][\/et_pb_section][et_pb_section fb_built=&#8221;1&#8243; _builder_version=&#8221;4.4.4&#8243;][et_pb_row _builder_version=&#8221;4.4.4&#8243;][et_pb_column type=&#8221;4_4&#8243; _builder_version=&#8221;4.4.4&#8243;][et_pb_code _builder_version=&#8221;4.4.4&#8243; width=&#8221;100%&#8221;]<div id=\"ez-toc-container\" class=\"ez-toc-v2_0_72 counter-hierarchy ez-toc-counter ez-toc-grey ez-toc-container-direction\">\n<div class=\"ez-toc-title-container\">\n<p class=\"ez-toc-title\" style=\"cursor:inherit\">Indice dei contenuti<\/p>\n<span class=\"ez-toc-title-toggle\"><a href=\"#\" class=\"ez-toc-pull-right ez-toc-btn ez-toc-btn-xs ez-toc-btn-default ez-toc-toggle\" aria-label=\"Toggle Table of Content\"><span class=\"ez-toc-js-icon-con\"><span class=\"\"><span class=\"eztoc-hide\" style=\"display:none;\">Toggle<\/span><span class=\"ez-toc-icon-toggle-span\"><svg style=\"fill: #999;color:#999\" xmlns=\"http:\/\/www.w3.org\/2000\/svg\" class=\"list-377408\" width=\"20px\" height=\"20px\" viewBox=\"0 0 24 24\" fill=\"none\"><path d=\"M6 6H4v2h2V6zm14 0H8v2h12V6zM4 11h2v2H4v-2zm16 0H8v2h12v-2zM4 16h2v2H4v-2zm16 0H8v2h12v-2z\" fill=\"currentColor\"><\/path><\/svg><svg style=\"fill: #999;color:#999\" class=\"arrow-unsorted-368013\" xmlns=\"http:\/\/www.w3.org\/2000\/svg\" width=\"10px\" height=\"10px\" viewBox=\"0 0 24 24\" version=\"1.2\" baseProfile=\"tiny\"><path d=\"M18.2 9.3l-6.2-6.3-6.2 6.3c-.2.2-.3.4-.3.7s.1.5.3.7c.2.2.4.3.7.3h11c.3 0 .5-.1.7-.3.2-.2.3-.5.3-.7s-.1-.5-.3-.7zM5.8 14.7l6.2 6.3 6.2-6.3c.2-.2.3-.5.3-.7s-.1-.5-.3-.7c-.2-.2-.4-.3-.7-.3h-11c-.3 0-.5.1-.7.3-.2.2-.3.5-.3.7s.1.5.3.7z\"\/><\/svg><\/span><\/span><\/span><\/a><\/span><\/div>\n<nav><ul class='ez-toc-list ez-toc-list-level-1 ' ><li class='ez-toc-page-1 ez-toc-heading-level-1'><a class=\"ez-toc-link ez-toc-heading-1\" href=\"https:\/\/www.gscglobalservice.com\/it\/2025\/02\/16\/assegno-unico-universale\/#Cose_e_a_chi_spetta_lAssegno_Unico\" title=\"Cos&#8217;\u00e8 e a chi spetta l&#8217;Assegno Unico?\">Cos&#8217;\u00e8 e a chi spetta l&#8217;Assegno Unico?<\/a><\/li><li class='ez-toc-page-1 ez-toc-heading-level-1'><a class=\"ez-toc-link ez-toc-heading-2\" href=\"https:\/\/www.gscglobalservice.com\/it\/2025\/02\/16\/assegno-unico-universale\/#Requisiti_di_cittadinanza_residenza_e_soggiorno\" title=\"Requisiti di cittadinanza, residenza e soggiorno.\">Requisiti di cittadinanza, residenza e soggiorno.<\/a><\/li><li class='ez-toc-page-1 ez-toc-heading-level-1'><a class=\"ez-toc-link ez-toc-heading-3\" href=\"https:\/\/www.gscglobalservice.com\/it\/2025\/02\/16\/assegno-unico-universale\/#A_quanto_ammonta_lAssegno_Unico\" title=\"A quanto ammonta l&#8217;Assegno Unico?\">A quanto ammonta l&#8217;Assegno Unico?<\/a><\/li><li class='ez-toc-page-1 ez-toc-heading-level-1'><a class=\"ez-toc-link ez-toc-heading-4\" href=\"https:\/\/www.gscglobalservice.com\/it\/2025\/02\/16\/assegno-unico-universale\/#Quando_e_dove_presentare_domanda\" title=\"Quando e dove presentare domanda?\">Quando e dove presentare domanda?<\/a><\/li><li class='ez-toc-page-1 ez-toc-heading-level-1'><a class=\"ez-toc-link ez-toc-heading-5\" href=\"https:\/\/www.gscglobalservice.com\/it\/2025\/02\/16\/assegno-unico-universale\/#Scadenze_ISEE\" title=\"Scadenze ISEE.\">Scadenze ISEE.<\/a><\/li><li class='ez-toc-page-1 ez-toc-heading-level-1'><a class=\"ez-toc-link ez-toc-heading-6\" href=\"https:\/\/www.gscglobalservice.com\/it\/2025\/02\/16\/assegno-unico-universale\/#Quando_arrivano_i_pagamenti_e_gli_arretrati\" title=\"Quando arrivano i pagamenti e gli arretrati?\">Quando arrivano i pagamenti e gli arretrati?<\/a><\/li><li class='ez-toc-page-1 ez-toc-heading-level-1'><a class=\"ez-toc-link ez-toc-heading-7\" href=\"https:\/\/www.gscglobalservice.com\/it\/2025\/02\/16\/assegno-unico-universale\/#Le_novita_della_Legge_di_Bilancio_2025\" title=\"Le novit\u00e0 della Legge di Bilancio 2025.\">Le novit\u00e0 della Legge di Bilancio 2025.<\/a><\/li><li class='ez-toc-page-1 ez-toc-heading-level-1'><a class=\"ez-toc-link ez-toc-heading-8\" href=\"https:\/\/www.gscglobalservice.com\/it\/2025\/02\/16\/assegno-unico-universale\/#Assegno_unico_e_assegno_di_inclusione\" title=\"Assegno unico e assegno di inclusione.\">Assegno unico e assegno di inclusione.<\/a><\/li><\/ul><\/nav><\/div>\n[\/et_pb_code][et_pb_text _builder_version=&#8221;4.4.4&#8243; text_text_color=&#8221;#0c71c3&#8243;]<\/p>\n<h1><span class=\"ez-toc-section\" id=\"Cose_e_a_chi_spetta_lAssegno_Unico\"><\/span><strong>Cos&#8217;\u00e8 e a chi spetta l&#8217;Assegno Unico?<\/strong><span class=\"ez-toc-section-end\"><\/span><\/h1>\n<p>[\/et_pb_text][et_pb_text _builder_version=&#8221;4.4.4&#8243; text_font_size=&#8221;18px&#8221; hover_enabled=&#8221;0&#8243;]<\/p>\n<p>L&#8217;assegno unico \u00e8 la prestazione economica riconosciuta alle famiglie con figli a carico.<\/p>\n<p>Spetta a partire <strong>dal settimo mese<\/strong> di gravidanza ed \u00e8 riconosciuto anche ai figli maggiorenni, <strong>fino a 21 anni<\/strong>, indipendentemente dalla condizione lavorativa e dal reddito. Per i <strong>figli con disabilit\u00e0<\/strong> spetta senza limiti di et\u00e0.<\/p>\n<p>L&#8217;assegno viene erogato per i figli maggiorenni solamente al rispetto di almeno una delle seguenti condizioni:<\/p>\n<p>&#8211; frequentano l&#8217;universit\u00e0 o corsi di formazione scolastica o professionale<\/p>\n<p>&#8211; svolgono un tirocinio o attivit\u00e0 lavorativa per un reddito complessivo inferiore a \u20ac 8.000,00 annui<\/p>\n<p>&#8211; sono disoccupati e in cerca di lavoro presso i servizi pubblici per l&#8217;impiego<\/p>\n<p>&#8211; svolgono il servizio civile universale<\/p>\n<p>[\/et_pb_text][et_pb_text _builder_version=&#8221;4.4.4&#8243;]<\/p>\n<h1><span class=\"ez-toc-section\" id=\"Requisiti_di_cittadinanza_residenza_e_soggiorno\"><\/span><strong>Requisiti di cittadinanza, residenza e soggiorno.<\/strong><span class=\"ez-toc-section-end\"><\/span><\/h1>\n<p>[\/et_pb_text][et_pb_text _builder_version=&#8221;4.4.4&#8243; text_font_size=&#8221;18px&#8221; custom_padding=&#8221;||5px|||&#8221; hover_enabled=&#8221;0&#8243;]<\/p>\n<p>Possono fare domanda per la prestazione tutte le categorie di cittadini e cittadine: lavoratrici e lavoratori dipendenti (sia del settore pubblico sia del privato), autonomi, pensionati, disoccupati, inoccupati ecc., anche in assenza di ISEE o con un valore superiore alla soglia prevista: <span style=\"color: #e03e35;\"><strong>\u20ac 45.939,56 per il 2025<\/strong><\/span>.<\/p>\n<p>I genitori che fanno richiesta per l&#8217;assegno unico devono essere per\u00f2 in possesso di <strong>requisiti di cittadinanza, residenza e soggiorno<\/strong> al momento della presentazione della domanda e per tutta la durata del beneficio:<\/p>\n<p>&#8211; essere cittadini italiani o di uno Stato membro dell&#8217;Unione europea o suo familiare, titolare del diritto di soggiorno o del diritto di soggiorno permanente.<\/p>\n<p>&#8211; essere cittadini di uno Stato <span style=\"color: #ff0000;\">non<\/span> appartenente all&#8217;Unione europea in possesso del permesso di soggiorno UE per soggiornanti di lungo periodo.<\/p>\n<p>&#8211; essere titolare di permesso unico di lavoro autorizzato a svolgere un&#8217;attivit\u00e0 lavorativa per un periodo <strong>superiore a sei<\/strong> mesi o titolare di permesso di soggiorno per motivi di ricerca autorizzato a soggiornare in Italia per un periodo <strong>superiore a sei mesi<\/strong>.<\/p>\n<p>&#8211; essere soggetto al pagamento dell&#8217;imposta sul reddito in Italia.<\/p>\n<p>&#8211; essere residente e domiciliato in Italia.<\/p>\n<p>&#8211; essere, o essere stato, residente in Italia per almeno due anni, anche non continuativi, o sia titolare di un contratto di lavoro a tempo indeterminato o a tempo determinato di durata almeno semestrale.<\/p>\n<p>[\/et_pb_text][et_pb_text _builder_version=&#8221;4.4.4&#8243;]<\/p>\n<h1><span class=\"ez-toc-section\" id=\"A_quanto_ammonta_lAssegno_Unico\"><\/span><strong>A quanto ammonta l&#8217;Assegno Unico?<\/strong><span class=\"ez-toc-section-end\"><\/span><\/h1>\n<p>[\/et_pb_text][et_pb_text _builder_version=&#8221;4.4.4&#8243; text_font_size=&#8221;18px&#8221; hover_enabled=&#8221;0&#8243;]<\/p>\n<p>L&#8217;Assegno Unico \u00e8 una prestazione <strong>universale <\/strong>e<strong> progressiva<\/strong>: spetta a tutte le fasce di reddito, ma si calcola sulla base del valore dell&#8217;ISEE.<\/p>\n<p>L&#8217;importo dell&#8217;assegno unico si calcola, inoltre, sulla base della composizione del nucleo familiare e sono riconosciute alcune maggiorazioni che aumentano l&#8217;ammontare spettante.<\/p>\n<p>Nello specifico, la somma che viene erogata dall&#8217;INPS ogni mese \u00e8 composta da:<\/p>\n<p>1) una quota variabile<\/p>\n<p>2) una quota a titolo di maggiorazioni<\/p>\n<p>La prima \u00e8 determinata in modo progressivo in base al valore ISEE del nucleo familiare, mentre la seconda \u00e8 variabile in base in base a una serie di parametri da valutare caso per caso.<\/p>\n<p>&nbsp;<\/p>\n<p><strong><span style=\"color: #ff0000;\">Nel 2025<\/span><\/strong> l&#8217;INPS ha effettuato la rivalutazione annuale dell&#8217;importo dell&#8217;assegno: le <a href=\"https:\/\/www.informazionefiscale.it\/IMG\/pdf\/15884_circolare-numero-33-del-04-02-2025_allegato-n-1.pdf\">tabelle<\/a> con la rivalutazione degli importi e le relative soglie ISEE sono state fornite con la circolare n. 33\/2025.<\/p>\n<p>In base alla rivalutazione annuale, il valore minimo dell&#8217;assegno unico \u00e8 salito a <span style=\"color: #ff0000;\"><strong>\u20ac57,50<\/strong><\/span> al mese (precedentemente era di \u20ac50,00) mentre l&#8217;importo massimo \u00e8 passato a\u00a0<strong><span style=\"color: #ff0000;\">\u20ac201,00\u00a0<\/span><\/strong>(precedentemente era di \u20ac175,00)\u00a0<strong>per ogni figlio minorenne<\/strong> a carico.<\/p>\n<p>Per i figli a carico di et\u00e0 tra i 18 e i 21 anni, gli importi possono variare da un minimo di \u20ac25,00 fino ad un massimo di \u20ac85,00.<\/p>\n<p>&nbsp;<\/p>\n<p>L&#8217;importo base dell&#8217;assegno, poi, pu\u00f2 essere <strong>maggiorato<\/strong> sulla base di numerosi altri elementi. L&#8217;assegno, infatti, aumenta nei seguenti casi:<\/p>\n<p>&#8211; per figli con disabilit\u00e0<\/p>\n<p>&#8211; dal terzo figlio in poi<\/p>\n<p>&#8211; per i figli di madri con meno di 21 anni d&#8217;et\u00e0<\/p>\n<p>&#8211; presenza di un secondo percettore di reddito<\/p>\n<p>&nbsp;<\/p>\n<p>A queste si aggiungono anche altre possibili maggiorazioni:<\/p>\n<p>&#8211; nuclei con figli di <strong>et\u00e0 inferiore ad un anno<\/strong>: per ciascun figlio con meno di un anno, l&#8217;importo dell&#8217;assegno \u00e8 incrementato del 50% fino al compimento del primo anno di vita.<\/p>\n<p>&#8211; nuclei familiari <strong>con almeno tre figli<\/strong> e indicatore ISEE pari o inferiore a \u20ac45. 939,56,00: in questo caso per ciascun figlio l&#8217;importo \u00e8 incrementato del 50%.<\/p>\n<p>&#8211; nuclei familiari <strong>con almeno quattro figli<\/strong> a carico: in questo caso \u00e8 prevista una maggiorazione forfettaria pari a \u20ac150,00.<\/p>\n<p>&nbsp;<\/p>\n<p>Gennaio e febbraio 2025 saranno invece gli ultimi mesi in cui sar\u00e0 erogata la <strong>maggiorazione transitoria<\/strong> in favore delle fasce di ISEE pi\u00f9 basse che nel 2021 percepivano l&#8217;assegno per il nucleo familiare in presenza di figli minori.<\/p>\n<p>&nbsp;<\/p>\n<p><strong>SERVIZIO INPS PER LA SIMULAZIONE DEL CALCOLO.<\/strong><\/p>\n<p>Per facilitare cittadini e cittadine nel capire a quale cifra possono avere diritto, da tempo l&#8217;INPS mette a disposizione delle famiglie il servizio che permette di simulare il calcolo dell&#8217;importo dell&#8217;assegno unico.<\/p>\n<p>Il sistema automatizzato propone all&#8217;utente una serie di domande in successione che cambiano dinamicamente in base alle risposte fornite.<\/p>\n<p>Compilando tutti i dati richiesti, gli interessati potranno calcolare l&#8217;importo dell&#8217;assegno che verr\u00e0 corrisposto per l&#8217;anno in corso, comprensivo delle eventuali maggiorazioni.<\/p>\n<p>Il simulatore \u00e8 accessibile sul portale istituzionale al seguente percorso:<\/p>\n<p><em>&#8221; Servizi &#8211; Assegno Unico &#8211; Simulatore&#8221;<\/em><\/p>\n<p>La simulazione <span style=\"color: #ff0000;\">non<\/span> comporta la presentazione della domanda.<\/p>\n<p>[\/et_pb_text][et_pb_text _builder_version=&#8221;4.4.4&#8243; text_font_size=&#8221;18px&#8221;]<\/p>\n<h1><span class=\"ez-toc-section\" id=\"Quando_e_dove_presentare_domanda\"><\/span><strong>Quando e dove presentare domanda?<\/strong><span class=\"ez-toc-section-end\"><\/span><\/h1>\n<p>[\/et_pb_text][et_pb_text _builder_version=&#8221;4.4.4&#8243; text_font_size=&#8221;18px&#8221;]<\/p>\n<p>Per ottenere l&#8217;assegno unico per i figli a carico, i genitori devono inviare un&#8217;apposita domanda all&#8217;INPS. Per farlo, i richiedenti in possesso dei requisiti previsti possono utilizzare diversi canali messi a disposizione dall&#8217;Istituto:<\/p>\n<p>&#8211; direttamente online dal sito dell&#8217;Istituto, accedendo all&#8217;<a href=\"https:\/\/www.inps.it\/it\/it\/dettaglio-scheda.it.schede-servizio-strumento.schede-servizi.assegno-unico-e-universale-per-i-figli-a-carico-55984.assegno-unico-e-universale-per-i-figli-a-carico.html\">apposito servizio<\/a> tramite credenziali SPID, CIE o CNS<\/p>\n<p>&#8211; tramite l&#8217;App INPS Mobile<\/p>\n<p>&#8211; rivolgendosi agli istituti di patronato<\/p>\n<p>&nbsp;<\/p>\n<p>La domanda pu\u00f2 essere trasmessa da uno dei due genitori che esercita la responsabilit\u00e0 genitoriale a prescindere dalla convivenza con il figlio. Pu\u00f2 essere inviata anche da un tutore o dagli stessi figli al compimento della maggiore et\u00e0.<\/p>\n<p>In fase di compilazione, il genitore richiedente pu\u00f2 indicare le modalit\u00e0 di pagamento che preferisce ed eventualmente inserire anche i dati di pagamento dell&#8217;altro genitore nel caso di opzione per la <strong>ripartizione dell&#8217;assegno<\/strong> al 50%.<\/p>\n<p>In caso di <strong>affidamento esclusivo<\/strong>, il richiedente potr\u00e0 chiedere la corresponsione del 100% dell&#8217;importo spettante.<\/p>\n<p>&nbsp;<\/p>\n<p>La domanda ha una <strong>durata annuale<\/strong>.<\/p>\n<p>Per tutti i beneficiari che gi\u00e0 ricevono l&#8217;assegno con una domanda in corso di validit\u00e0, la prestazione viene <strong>rinnovata automaticamente<\/strong> senza il bisogno di presentare una nuova domanda.<\/p>\n<p>I genitori sono per\u00f2 tenuti a comunicare all&#8217;INPS eventuali variazioni nelle informazioni indicate in precedenza, tramite la presentazione di una <strong>DSU aggiornata<\/strong>, come ad esempio:<\/p>\n<p>&#8211; la nascita di figli<\/p>\n<p>&#8211; la variazione o inserimento della condizione di disabilit\u00e0 del figlio<\/p>\n<p>&#8211; le variazioni della dichiarazione relativa alla frequenza scolastica\/corso di formazione per il figlio maggiorenne (18 &#8211; 21 anni).<\/p>\n<p>&#8211; le modifiche attinenti all&#8217;eventuale separazione\/matrimonio dei genitori<\/p>\n<p>&#8211; i criteri di ripartizione dell&#8217;Assegno tra i due genitori sulla base del provvedimento del giudice o dell&#8217;accordo tra i genitori.<\/p>\n<p>&#8211; variazione delle condizioni per la spettanza delle maggiorazioni<\/p>\n<p>&#8211; variazioni delle modalit\u00e0 di pagamento prescelte dal richiedente e\/o dall&#8217;eventuale altro genitore.<\/p>\n<p>&nbsp;<\/p>\n<p><span style=\"color: #ff0000;\"><strong>Almeno ogni anno bisogna quindi presentare l&#8217;ISEE aggiornato.<\/strong><\/span><\/p>\n<p>La domanda deve, invece, essere presentata da chi riceve la prestazione <strong>per la prima volta<\/strong> oppure da chi ha una domanda con stato respinta, revocata o decaduta o nel caso di rinuncia.<\/p>\n<p>[\/et_pb_text][et_pb_text _builder_version=&#8221;4.4.4&#8243; text_font_size=&#8221;18px&#8221;]<\/p>\n<h1><span class=\"ez-toc-section\" id=\"Scadenze_ISEE\"><\/span><strong>Scadenze ISEE.<\/strong><span class=\"ez-toc-section-end\"><\/span><\/h1>\n<p>[\/et_pb_text][et_pb_text _builder_version=&#8221;4.4.4&#8243; text_font_size=&#8221;18px&#8221;]<\/p>\n<p>A differenza di altre prestazioni INPS a base ISEE, per l&#8217;assegno unico \u00e8 fondamentale tenere a mente diverse scadenze legate alla presentazione della dichiarazione.<\/p>\n<p>Come ogni anno, anche nel 2025 per continuare a ricevere <strong>tutto<\/strong> l&#8217;importo spettante nel corso dell&#8217;anno, l&#8217;ISEE aggiornato va presentato <strong>entro il 28 febbraio<\/strong>. Senza un modello aggiornato al 2025, infatti, dal 1\u00b0 Marzo l&#8217;assegno unico viene erogato con l&#8217;importo minimo.\u00a0<\/p>\n<p>Ad ogni modo, per le domande presentate dal 1\u00b0 Marzo al 30 Giugno 2025, l&#8217;assegno unico spetta con tutti gli <strong>arretrati<\/strong> a partire dal mese di marzo.<\/p>\n<p>Per quelle successive al \u00a030 Giugno, l&#8217;assegno viene erogato a partire dal mese successivo a quello di presentazione ed \u00e8 determinato sulla base dell&#8217;ISEE al momento della domanda. Inviando la domanda oltre il 30 Giugno non si ha diritto a ricevere gli arretrati.\u00a0<\/p>\n<p>[\/et_pb_text][et_pb_text _builder_version=&#8221;4.4.4&#8243; text_font_size=&#8221;18px&#8221;]<\/p>\n<h1><span class=\"ez-toc-section\" id=\"Quando_arrivano_i_pagamenti_e_gli_arretrati\"><\/span><strong>Quando arrivano i pagamenti e gli arretrati?<\/strong><span class=\"ez-toc-section-end\"><\/span><\/h1>\n<p>[\/et_pb_text][et_pb_text _builder_version=&#8221;4.4.4&#8243; text_font_size=&#8221;18px&#8221;]<\/p>\n<p>L&#8217;INPS comunica alle famiglie beneficiarie dell&#8217;assegno unico le date di pagamento della prestazione. L&#8217;Istituto fa distinzione tra gli assegni che <span style=\"color: #ff0000;\">non<\/span> hanno subito variazioni di importo nel mese precedente e quelli che, invece, sono cambiati in ragione di mutamenti delle condizioni del nucleo familiare.\u00a0<\/p>\n<p>Solitamente l&#8217;assegno viene pagato attorno al <strong>giorno 20<\/strong> del mese di riferimento. Si attende ancora la comunicazione INPS con il calendario dei pagamenti per il 2025.<\/p>\n<p>Le date fornite dall&#8217;INPS si riferiscono ai pagamenti per gli assegni che <span style=\"color: #ff0000;\">non<\/span> hanno subito variazioni rispetto al mese precedente. Per chi presenta <strong>una nuova domanda<\/strong>, invece, la prima mensilit\u00e0 viene erogata nell&#8217;ultima settimana del mese successivo a quella di presentazione della richiesta. Nella stessa data viene accreditato anche l&#8217;importo delle mensilit\u00e0 spettanti nel caso in cui l&#8217;assegno sia stato oggetto di un <strong>conguaglio<\/strong>, a credito oppure a debito.<\/p>\n<p>Per controllare l&#8217;accredito INPS, cos\u00ec come lo stato della domanda presentata, \u00e8 possibile collegarsi al <strong>fascicolo previdenziale del cittadino<\/strong>, disponibile nell&#8217;area riservata del Portale dell&#8217;Istituto, al quale si accede tramite le proprie credenziali SPID, CIE o CNS. Attraverso il <strong>Centro Notifiche<\/strong>, poi, \u00e8 possibile controllare quando arriva l&#8217;assegno unico.<\/p>\n<p>[\/et_pb_text][et_pb_text _builder_version=&#8221;4.4.4&#8243; text_font_size=&#8221;18px&#8221;]<\/p>\n<h1><span class=\"ez-toc-section\" id=\"Le_novita_della_Legge_di_Bilancio_2025\"><\/span><strong>Le novit\u00e0 della Legge di Bilancio 2025.<\/strong><span class=\"ez-toc-section-end\"><\/span><\/h1>\n<p>[\/et_pb_text][et_pb_text _builder_version=&#8221;4.4.4&#8243; text_font_size=&#8221;18px&#8221; hover_enabled=&#8221;0&#8243;]<\/p>\n<p>La Legge di Bilancio 2025 tra le misure volte al sostegno della genitorialit\u00e0 ha introdotto anche alcune novit\u00e0 che impattano, anche se indirettamente, l&#8217;assegno unico.<\/p>\n<p>Con l&#8217;obiettivo di potenziare il <strong>bonus asilo nido<\/strong>, infatti, si prevede l&#8217;<strong><span style=\"color: #ff0000;\">esclusione<\/span><\/strong> dell&#8217;assegno unico per i figli a carico dal calcolo dell&#8217;ISEE.<\/p>\n<p>Le famiglie che presentano la DSU ai fini ISEE per accedere al bonus asilo nido, dunque, non si vedranno conteggiate le somme ottenute a titolo di assegno unico.<\/p>\n<p>La disposizione che esclude l&#8217;assegno unico dal calcolo dell&#8217;ISEE si applica anche al nuovo <strong>bonus beb\u00e8<\/strong>, cio\u00e8 l&#8217;incentivo di \u20ac1.000,00 riconosciuto per i nuovi nati dal 1\u00b0 Gennaio 2025.<\/p>\n<p>[\/et_pb_text][et_pb_text _builder_version=&#8221;4.4.4&#8243; text_font_size=&#8221;18px&#8221;]<\/p>\n<h1><span class=\"ez-toc-section\" id=\"Assegno_unico_e_assegno_di_inclusione\"><\/span><strong>Assegno unico e assegno di inclusione.<\/strong><span class=\"ez-toc-section-end\"><\/span><\/h1>\n<p>[\/et_pb_text][et_pb_text _builder_version=&#8221;4.4.4&#8243; text_font_size=&#8221;18px&#8221;]<\/p>\n<p>Le due prestazioni sono compatibili ma bisogna prestare attenzione alle nuove modalit\u00e0 di erogazione rispetto a quanto accadeva con il vecchio reddito di cittadinanza.<\/p>\n<p>La domanda per l&#8217;ADI, infatti, <span style=\"color: #ff0000;\">non<\/span> comporta l&#8217;erogazione automatica dell&#8217;assegno unico, come invece accadeva con il RdC.<\/p>\n<p>Per poter ricevere l&#8217;assegno unico, dunque, le famiglie che precepiscono l&#8217;ADI devono presentare un&#8217;<strong>apposita domanda<\/strong> all&#8217;INPS.<\/p>\n<p>L&#8217;importo dell&#8217;assegno spettante sar\u00e0 erogato in misura intera, senza le decurtazioni previste quando era in vigore il reddito di cittadinanza.<\/p>\n<p>[\/et_pb_text][et_pb_code _builder_version=&#8221;4.4.4&#8243;][\/et_pb_code][\/et_pb_column][\/et_pb_row][\/et_pb_section][et_pb_section fb_built=&#8221;1&#8243; admin_label=&#8221;Process&#8221; _builder_version=&#8221;3.26&#8243; custom_margin=&#8221;|40px||40px|false|true&#8221; custom_padding=&#8221;||0px|||&#8221; saved_tabs=&#8221;all&#8221; locked=&#8221;off&#8221;][et_pb_row column_structure=&#8221;1_4,1_4,1_4,1_4&#8243; _builder_version=&#8221;3.26&#8243; width=&#8221;100%&#8221; max_width=&#8221;100%&#8221; custom_margin=&#8221;||15px||false|false&#8221;][et_pb_column type=&#8221;1_4&#8243; _builder_version=&#8221;3.25&#8243; custom_padding=&#8221;|||&#8221; custom_padding__hover=&#8221;|||&#8221;][et_pb_blurb icon_placement=&#8221;left&#8221; _builder_version=&#8221;4.4.4&#8243; header_level=&#8221;h3&#8243; header_font=&#8221;||||||||&#8221; header_text_align=&#8221;right&#8221; header_font_size=&#8221;18px&#8221; header_line_height=&#8221;2.3em&#8221; body_font=&#8221;Raleway|300|||||||&#8221; body_text_color=&#8221;#999999&#8243; body_font_size=&#8221;16px&#8221; body_line_height=&#8221;1.8em&#8221; text_orientation=&#8221;right&#8221; custom_margin=&#8221;-9px|41px|||false|false&#8221; custom_padding=&#8221;||||false|false&#8221; animation_style=&#8221;slide&#8221; animation_direction=&#8221;left&#8221; animation_duration=&#8221;500ms&#8221; animation_intensity_slide=&#8221;5%&#8221; animation_starting_opacity=&#8221;100%&#8221; header_font_size_tablet=&#8221;&#8221; header_font_size_phone=&#8221;16px&#8221; header_font_size_last_edited=&#8221;on|phone&#8221; custom_css_blurb_image=&#8221;float:right;||&#8221;]<\/p>\n<p><strong>CHI SIAMO E I NOSTRI CONTATTI:<\/strong><\/p>\n<p>[\/et_pb_blurb][\/et_pb_column][et_pb_column type=&#8221;1_4&#8243; _builder_version=&#8221;3.25&#8243; custom_padding=&#8221;|||&#8221; custom_padding__hover=&#8221;|||&#8221;][et_pb_text _builder_version=&#8221;4.4.4&#8243; text_font=&#8221;Raleway|300|||||||&#8221; text_font_size=&#8221;16px&#8221; text_line_height=&#8221;1.8em&#8221; header_font=&#8221;|700||on|||||&#8221; header_font_size=&#8221;80px&#8221; header_2_font=&#8221;Lato||||||||&#8221; header_2_font_size=&#8221;46px&#8221; header_3_font=&#8221;||||||||&#8221; header_3_font_size=&#8221;20px&#8221; text_text_align=&#8221;left&#8221;]<\/p>\n<p><span style=\"font-size: 18.72px;\"><strong>Global service center s.a.s.<\/strong><\/span><\/p>\n<p><span style=\"font-size: 16px;\">Centro servizi CAF &#8211; PATRONATO &#8211; <\/span><span style=\"font-size: 16px;\">SERVIZI DI CONTABILITA&#8217;<\/span><\/p>\n<p><span style=\"font-size: 16px;\">Siamo aperti al pubblico\u00a0da lunedi al giovedi dalle ore:<\/span><\/p>\n<p><span style=\"font-size: 16px;\">09.30-13.30<br \/> 14.00-18.00<\/span><\/p>\n<p><span style=\"font-size: 16px;\">E il venerd\u00ec dalle ore:<\/span><\/p>\n<p><span style=\"font-size: 16px;\">9:30-13:30<\/span><\/p>\n<p>[\/et_pb_text][\/et_pb_column][et_pb_column type=&#8221;1_4&#8243; _builder_version=&#8221;3.25&#8243; custom_padding=&#8221;|||&#8221; custom_padding__hover=&#8221;|||&#8221;][et_pb_text _builder_version=&#8221;4.4.4&#8243; text_font=&#8221;Raleway|300|||||||&#8221; text_font_size=&#8221;16px&#8221; text_line_height=&#8221;1.8em&#8221; header_font=&#8221;|700||on|||||&#8221; header_font_size=&#8221;80px&#8221; header_2_font=&#8221;Lato||||||||&#8221; header_2_font_size=&#8221;46px&#8221; header_3_font=&#8221;||||||||&#8221; header_3_font_size=&#8221;20px&#8221; custom_margin=&#8221;||9px|||&#8221; text_text_align=&#8221;left&#8221;]<\/p>\n<p><span style=\"font-size: 18.72px;\"><strong>Contattaci<\/strong><\/span><\/p>\n<p>[\/et_pb_text][et_pb_text _builder_version=&#8221;4.4.4&#8243; text_font=&#8221;Raleway|300|||||||&#8221; text_font_size=&#8221;16px&#8221; text_line_height=&#8221;1.8em&#8221; header_font=&#8221;|700||on|||||&#8221; header_font_size=&#8221;80px&#8221; header_2_font=&#8221;Lato||||||||&#8221; header_2_font_size=&#8221;46px&#8221; header_3_font=&#8221;||||||||&#8221; header_3_font_size=&#8221;20px&#8221; custom_margin=&#8221;||9px|||&#8221; text_text_align=&#8221;left&#8221;]<\/p>\n<p><span style=\"color: #000000;\"><em>Scannerizza il codice o <a href=\"https:\/\/typecard.com\/c141a6b1\">clicca qui<\/a><\/em><\/span><span style=\"color: #000000;\"><em><a href=\"https:\/\/typecard.com\/c141a6b1\">\u00a0<\/a>per i nostri contatti<\/em><\/span><\/p>\n<p>[\/et_pb_text][et_pb_image src=&#8221;https:\/\/www.gscglobalservice.com\/it\/wp-content\/uploads\/2024\/12\/IMG_3264.jpeg&#8221; title_text=&#8221;IMG_3264&#8243; url_new_window=&#8221;on&#8221; _builder_version=&#8221;4.4.4&#8243; width=&#8221;50%&#8221;][\/et_pb_image][\/et_pb_column][et_pb_column type=&#8221;1_4&#8243; _builder_version=&#8221;3.25&#8243; custom_padding=&#8221;|||&#8221; custom_padding__hover=&#8221;|||&#8221;][et_pb_text _builder_version=&#8221;4.4.4&#8243; text_font=&#8221;Raleway|300|||||||&#8221; text_font_size=&#8221;16px&#8221; text_line_height=&#8221;1.8em&#8221; header_font=&#8221;|700||on|||||&#8221; header_font_size=&#8221;80px&#8221; header_2_font=&#8221;Lato||||||||&#8221; header_2_font_size=&#8221;46px&#8221; header_3_font=&#8221;||||||||&#8221; header_3_font_size=&#8221;20px&#8221; text_text_align=&#8221;left&#8221;]<\/p>\n<p><strong>Informazioni<\/strong><\/p>\n<p><span style=\"font-size: 16px;\"><a href=\"#\">Privacy Policy<\/a><br \/> <a href=\"#\">F.A.Q.<\/a><br \/> <a href=\"#\">Blog<\/a><br \/> <a href=\"#\">Terms &amp; Conditions<\/a><\/span><\/p>\n<p>[\/et_pb_text][et_pb_image src=&#8221;https:\/\/www.gscglobalservice.com\/it\/wp-content\/uploads\/2020\/12\/pwa_ico.png&#8221; title_text=&#8221;pwa_ico&#8221; _builder_version=&#8221;4.4.4&#8243; width=&#8221;16%&#8221;][\/et_pb_image][\/et_pb_column][\/et_pb_row][\/et_pb_section]<\/p>\n","protected":false},"excerpt":{"rendered":"<p>[et_pb_section fb_built=&#8221;1&#8243; admin_label=&#8221;Process&#8221; _builder_version=&#8221;4.4.4&#8243; background_color=&#8221;#d2e4f9&#8243; custom_margin=&#8221;|-31px||-31px|false|false&#8221; custom_padding=&#8221;||0px|||&#8221; saved_tabs=&#8221;all&#8221; locked=&#8221;off&#8221;][et_pb_row _builder_version=&#8221;4.4.4&#8243;][et_pb_column type=&#8221;4_4&#8243; _builder_version=&#8221;4.4.4&#8243;][et_pb_image src=&#8221;https:\/\/www.gscglobalservice.com\/it\/wp-content\/uploads\/2025\/02\/28d926001f6f2ee334c143ec7b3e0151_XL.jpg&#8221; title_text=&#8221;1200x900_IMG_0005&#8243; align=&#8221;center&#8221; src_tablet=&#8221;&#8221; src_phone=&#8221;https:\/\/www.gscglobalservice.com\/it\/wp-content\/uploads\/2025\/02\/1200x900_IMG_0005.jpg&#8221; src_last_edited=&#8221;on|desktop&#8221; _builder_version=&#8221;4.4.4&#8243; height=&#8221;291px&#8221;][\/et_pb_image][\/et_pb_column][\/et_pb_row][\/et_pb_section][et_pb_section fb_built=&#8221;1&#8243; _builder_version=&#8221;4.4.4&#8243;][et_pb_row _builder_version=&#8221;4.4.4&#8243;][et_pb_column type=&#8221;4_4&#8243; _builder_version=&#8221;4.4.4&#8243;][et_pb_code _builder_version=&#8221;4.4.4&#8243; width=&#8221;100%&#8221;][\/et_pb_code][et_pb_text _builder_version=&#8221;4.4.4&#8243; text_text_color=&#8221;#0c71c3&#8243;] Cos&#8217;\u00e8 e a chi spetta l&#8217;Assegno Unico? [\/et_pb_text][et_pb_text _builder_version=&#8221;4.4.4&#8243; text_font_size=&#8221;18px&#8221; hover_enabled=&#8221;0&#8243;] L&#8217;assegno unico \u00e8 la prestazione economica riconosciuta alle famiglie con figli a carico. Spetta a [&hellip;]<\/p>\n","protected":false},"author":3,"featured_media":0,"comment_status":"closed","ping_status":"closed","sticky":false,"template":"","format":"standard","meta":{"_et_pb_use_builder":"on","_et_pb_old_content":"","_et_gb_content_width":"","om_disable_all_campaigns":false,"_monsterinsights_skip_tracking":false,"jetpack_publicize_message":"","jetpack_is_tweetstorm":false,"jetpack_publicize_feature_enabled":true,"jetpack_social_post_already_shared":true,"jetpack_social_options":{"image_generator_settings":{"template":"highway","enabled":false}}},"categories":[1],"tags":[],"jetpack_publicize_connections":[],"jetpack_sharing_enabled":true,"jetpack_featured_media_url":"","jetpack-related-posts":[{"id":226562,"url":"https:\/\/www.gscglobalservice.com\/it\/2025\/04\/03\/bonus-bollette-2025\/","url_meta":{"origin":226319,"position":0},"title":"Bonus Bollette 2025","author":"Alessandra Trevisan","date":"Aprile 3, 2025","format":false,"excerpt":"Il Bonus Bollette \u00e8 un contributo straordinario del valore di 200 euro sulle forniture di energia elettrica. Questo contributo straordinario\u2026","rel":"","context":"Articolo simile","block_context":{"text":"Articolo simile","link":""},"img":{"alt_text":"","src":"","width":0,"height":0},"classes":[]},{"id":226053,"url":"https:\/\/www.gscglobalservice.com\/it\/2025\/02\/15\/novita-del-modello-730-2025-cosa-ce-da-sapere\/","url_meta":{"origin":226319,"position":1},"title":"Novit\u00e0 sul Modello 730\/2025: Cosa c&#8217;\u00e8 da sapere.","author":"Alessandra Trevisan","date":"Febbraio 15, 2025","format":false,"excerpt":"In attesa dell'avvio della stagione dichiarativa, l'Agenzia delle Entrate ha messo a disposizione online: - la bozza del modello 730\/2025 - le istruzioni per la compilazione Le principali novit\u00e0\u2026","rel":"","context":"Articolo simile","block_context":{"text":"Articolo simile","link":""},"img":{"alt_text":"","src":"","width":0,"height":0},"classes":[]},{"id":226575,"url":"https:\/\/www.gscglobalservice.com\/it\/2025\/04\/29\/dote-scuola-2025-2026\/","url_meta":{"origin":226319,"position":2},"title":"Dote Scuola 2025-2026","author":"Alessandra Trevisan","date":"Aprile 29, 2025","format":false,"excerpt":"","rel":"","context":"Articolo simile","block_context":{"text":"Articolo simile","link":""},"img":{"alt_text":"","src":"https:\/\/i0.wp.com\/www.gscglobalservice.com\/it\/wp-content\/uploads\/2025\/04\/dote-scuola-2025-2026.jpg?fit=1024%2C650&ssl=1&resize=350%2C200","width":350,"height":200,"srcset":"https:\/\/i0.wp.com\/www.gscglobalservice.com\/it\/wp-content\/uploads\/2025\/04\/dote-scuola-2025-2026.jpg?fit=1024%2C650&ssl=1&resize=350%2C200 1x, https:\/\/i0.wp.com\/www.gscglobalservice.com\/it\/wp-content\/uploads\/2025\/04\/dote-scuola-2025-2026.jpg?fit=1024%2C650&ssl=1&resize=525%2C300 1.5x, https:\/\/i0.wp.com\/www.gscglobalservice.com\/it\/wp-content\/uploads\/2025\/04\/dote-scuola-2025-2026.jpg?fit=1024%2C650&ssl=1&resize=700%2C400 2x"},"classes":[]},{"id":226725,"url":"https:\/\/www.gscglobalservice.com\/it\/2025\/12\/31\/pos-e-registratori-di-cassa-collegati-dal-2026\/","url_meta":{"origin":226319,"position":3},"title":"POS E REGISTRATORI DI CASSA COLLEGATI DAL 2026","author":"Alessandra Trevisan","date":"Dicembre 31, 2025","format":false,"excerpt":"L'obiettivo \u00e8 di ridurre al minimo\u2026","rel":"","context":"Articolo simile","block_context":{"text":"Articolo simile","link":""},"img":{"alt_text":"","src":"https:\/\/i0.wp.com\/www.gscglobalservice.com\/it\/wp-content\/uploads\/2025\/12\/articolo-2.png?fit=1057%2C452&ssl=1&resize=350%2C200","width":350,"height":200,"srcset":"https:\/\/i0.wp.com\/www.gscglobalservice.com\/it\/wp-content\/uploads\/2025\/12\/articolo-2.png?fit=1057%2C452&ssl=1&resize=350%2C200 1x, https:\/\/i0.wp.com\/www.gscglobalservice.com\/it\/wp-content\/uploads\/2025\/12\/articolo-2.png?fit=1057%2C452&ssl=1&resize=525%2C300 1.5x, https:\/\/i0.wp.com\/www.gscglobalservice.com\/it\/wp-content\/uploads\/2025\/12\/articolo-2.png?fit=1057%2C452&ssl=1&resize=700%2C400 2x, https:\/\/i0.wp.com\/www.gscglobalservice.com\/it\/wp-content\/uploads\/2025\/12\/articolo-2.png?fit=1057%2C452&ssl=1&resize=1050%2C600 3x"},"classes":[]},{"id":226368,"url":"https:\/\/www.gscglobalservice.com\/it\/2025\/02\/16\/assegno-di-inclusione\/","url_meta":{"origin":226319,"position":4},"title":"Assegno di Inclusione","author":"Alessandra Trevisan","date":"Febbraio 16, 2025","format":false,"excerpt":"L'Assegno di Inclusione (ADI) \u00e8 una misura nazionale di contrasto alla povert\u00e0, alla fragilit\u00e0 e all'esclusione sociale delle\u2026","rel":"","context":"Articolo simile","block_context":{"text":"Articolo simile","link":""},"img":{"alt_text":"","src":"","width":0,"height":0},"classes":[]},{"id":226894,"url":"https:\/\/www.gscglobalservice.com\/it\/2026\/01\/04\/bonus-casa-o-ristrutturazioni\/","url_meta":{"origin":226319,"position":5},"title":"Bonus Casa (o Ristrutturazioni)","author":"Alessandra Trevisan","date":"Gennaio 4, 2026","format":false,"excerpt":"La\u2026","rel":"","context":"Articolo simile","block_context":{"text":"Articolo simile","link":""},"img":{"alt_text":"","src":"https:\/\/i0.wp.com\/www.gscglobalservice.com\/it\/wp-content\/uploads\/2026\/01\/casa-bonus.png?fit=1057%2C452&ssl=1&resize=350%2C200","width":350,"height":200,"srcset":"https:\/\/i0.wp.com\/www.gscglobalservice.com\/it\/wp-content\/uploads\/2026\/01\/casa-bonus.png?fit=1057%2C452&ssl=1&resize=350%2C200 1x, https:\/\/i0.wp.com\/www.gscglobalservice.com\/it\/wp-content\/uploads\/2026\/01\/casa-bonus.png?fit=1057%2C452&ssl=1&resize=525%2C300 1.5x, https:\/\/i0.wp.com\/www.gscglobalservice.com\/it\/wp-content\/uploads\/2026\/01\/casa-bonus.png?fit=1057%2C452&ssl=1&resize=700%2C400 2x, https:\/\/i0.wp.com\/www.gscglobalservice.com\/it\/wp-content\/uploads\/2026\/01\/casa-bonus.png?fit=1057%2C452&ssl=1&resize=1050%2C600 3x"},"classes":[]}],"_links":{"self":[{"href":"https:\/\/www.gscglobalservice.com\/it\/wp-json\/wp\/v2\/posts\/226319"}],"collection":[{"href":"https:\/\/www.gscglobalservice.com\/it\/wp-json\/wp\/v2\/posts"}],"about":[{"href":"https:\/\/www.gscglobalservice.com\/it\/wp-json\/wp\/v2\/types\/post"}],"author":[{"embeddable":true,"href":"https:\/\/www.gscglobalservice.com\/it\/wp-json\/wp\/v2\/users\/3"}],"replies":[{"embeddable":true,"href":"https:\/\/www.gscglobalservice.com\/it\/wp-json\/wp\/v2\/comments?post=226319"}],"version-history":[{"count":25,"href":"https:\/\/www.gscglobalservice.com\/it\/wp-json\/wp\/v2\/posts\/226319\/revisions"}],"predecessor-version":[{"id":226379,"href":"https:\/\/www.gscglobalservice.com\/it\/wp-json\/wp\/v2\/posts\/226319\/revisions\/226379"}],"wp:attachment":[{"href":"https:\/\/www.gscglobalservice.com\/it\/wp-json\/wp\/v2\/media?parent=226319"}],"wp:term":[{"taxonomy":"category","embeddable":true,"href":"https:\/\/www.gscglobalservice.com\/it\/wp-json\/wp\/v2\/categories?post=226319"},{"taxonomy":"post_tag","embeddable":true,"href":"https:\/\/www.gscglobalservice.com\/it\/wp-json\/wp\/v2\/tags?post=226319"}],"curies":[{"name":"wp","href":"https:\/\/api.w.org\/{rel}","templated":true}]}}