{"id":226053,"date":"2025-02-15T16:21:13","date_gmt":"2025-02-15T16:21:13","guid":{"rendered":"https:\/\/www.gscglobalservice.com\/it\/?p=226053"},"modified":"2025-02-15T20:49:02","modified_gmt":"2025-02-15T20:49:02","slug":"novita-del-modello-730-2025-cosa-ce-da-sapere","status":"publish","type":"post","link":"https:\/\/www.gscglobalservice.com\/it\/2025\/02\/15\/novita-del-modello-730-2025-cosa-ce-da-sapere\/","title":{"rendered":"Novit\u00e0 sul Modello 730\/2025: Cosa c&#8217;\u00e8 da sapere."},"content":{"rendered":"<p>[et_pb_section fb_built=&#8221;1&#8243; admin_label=&#8221;Process&#8221; _builder_version=&#8221;4.4.4&#8243; background_color=&#8221;#d2e4f9&#8243; custom_margin=&#8221;|-31px||-31px|false|false&#8221; custom_padding=&#8221;||0px|||&#8221; saved_tabs=&#8221;all&#8221; locked=&#8221;off&#8221;][et_pb_row _builder_version=&#8221;4.4.4&#8243;][et_pb_column type=&#8221;4_4&#8243; _builder_version=&#8221;4.4.4&#8243;][et_pb_image src=&#8221;https:\/\/www.gscglobalservice.com\/it\/wp-content\/uploads\/2025\/02\/IMG_3438.jpg&#8221; title_text=&#8221;IMG_3438&#8243; _builder_version=&#8221;4.4.4&#8243;][\/et_pb_image][\/et_pb_column][\/et_pb_row][\/et_pb_section][et_pb_section fb_built=&#8221;1&#8243; _builder_version=&#8221;4.4.4&#8243;][et_pb_row _builder_version=&#8221;4.4.4&#8243;][et_pb_column type=&#8221;4_4&#8243; _builder_version=&#8221;4.4.4&#8243;][et_pb_text _builder_version=&#8221;4.4.4&#8243; text_font_size=&#8221;20px&#8221;]<\/p>\n<p>In attesa dell&#8217;avvio della stagione dichiarativa, l&#8217;Agenzia delle Entrate ha messo a disposizione online:<\/p>\n<p>&#8211; la <a href=\"https:\/\/www.agenziaentrate.gov.it\/portale\/documents\/20143\/8485485\/730_2025_modello+13.01.25.pdf\/b3fbd408-1b4c-6779-7d3a-dafc8577fc97?t=1736933267807\">bozza<\/a> del modello 730\/2025<\/p>\n<p>&#8211; le <a href=\"https:\/\/www.agenziaentrate.gov.it\/portale\/documents\/20143\/8485485\/730_2025_istruzioni+13.01.25.pdf\/80e96dce-a3a6-eb91-695b-aa10771c081c?t=1736933357777\">istruzioni<\/a> per la compilazione<\/p>\n<p><strong>Le principali novit\u00e0 contenute nel Modello 730\/2025 sono le seguenti:<\/strong><\/p>\n<p>[\/et_pb_text][\/et_pb_column][\/et_pb_row][et_pb_row _builder_version=&#8221;4.4.4&#8243;][et_pb_column type=&#8221;4_4&#8243; _builder_version=&#8221;4.4.4&#8243;][et_pb_code _builder_version=&#8221;4.4.4&#8243; width=&#8221;100%&#8221;]<div id=\"ez-toc-container\" class=\"ez-toc-v2_0_72 counter-hierarchy ez-toc-counter ez-toc-grey ez-toc-container-direction\">\n<div class=\"ez-toc-title-container\">\n<p class=\"ez-toc-title\" style=\"cursor:inherit\">Indice dei contenuti<\/p>\n<span class=\"ez-toc-title-toggle\"><a href=\"#\" class=\"ez-toc-pull-right ez-toc-btn ez-toc-btn-xs ez-toc-btn-default ez-toc-toggle\" aria-label=\"Toggle Table of Content\"><span class=\"ez-toc-js-icon-con\"><span class=\"\"><span class=\"eztoc-hide\" style=\"display:none;\">Toggle<\/span><span class=\"ez-toc-icon-toggle-span\"><svg style=\"fill: #999;color:#999\" xmlns=\"http:\/\/www.w3.org\/2000\/svg\" class=\"list-377408\" width=\"20px\" height=\"20px\" viewBox=\"0 0 24 24\" fill=\"none\"><path d=\"M6 6H4v2h2V6zm14 0H8v2h12V6zM4 11h2v2H4v-2zm16 0H8v2h12v-2zM4 16h2v2H4v-2zm16 0H8v2h12v-2z\" fill=\"currentColor\"><\/path><\/svg><svg style=\"fill: #999;color:#999\" class=\"arrow-unsorted-368013\" xmlns=\"http:\/\/www.w3.org\/2000\/svg\" width=\"10px\" height=\"10px\" viewBox=\"0 0 24 24\" version=\"1.2\" baseProfile=\"tiny\"><path d=\"M18.2 9.3l-6.2-6.3-6.2 6.3c-.2.2-.3.4-.3.7s.1.5.3.7c.2.2.4.3.7.3h11c.3 0 .5-.1.7-.3.2-.2.3-.5.3-.7s-.1-.5-.3-.7zM5.8 14.7l6.2 6.3 6.2-6.3c.2-.2.3-.5.3-.7s-.1-.5-.3-.7c-.2-.2-.4-.3-.7-.3h-11c-.3 0-.5.1-.7.3-.2.2-.3.5-.3.7s.1.5.3.7z\"\/><\/svg><\/span><\/span><\/span><\/a><\/span><\/div>\n<nav><ul class='ez-toc-list ez-toc-list-level-1 ' ><li class='ez-toc-page-1 ez-toc-heading-level-1'><a class=\"ez-toc-link ez-toc-heading-1\" href=\"https:\/\/www.gscglobalservice.com\/it\/2025\/02\/15\/novita-del-modello-730-2025-cosa-ce-da-sapere\/#Ampliamento_della_platea_dei_beneficiari\" title=\"Ampliamento della platea dei beneficiari.\">Ampliamento della platea dei beneficiari.<\/a><\/li><li class='ez-toc-page-1 ez-toc-heading-level-1'><a class=\"ez-toc-link ez-toc-heading-2\" href=\"https:\/\/www.gscglobalservice.com\/it\/2025\/02\/15\/novita-del-modello-730-2025-cosa-ce-da-sapere\/#Nuove_aliquote_IRPEF\" title=\"Nuove aliquote IRPEF.\">Nuove aliquote IRPEF.<\/a><\/li><li class='ez-toc-page-1 ez-toc-heading-level-1'><a class=\"ez-toc-link ez-toc-heading-3\" href=\"https:\/\/www.gscglobalservice.com\/it\/2025\/02\/15\/novita-del-modello-730-2025-cosa-ce-da-sapere\/#Locazioni_brevi\" title=\"Locazioni brevi.\">Locazioni brevi.<\/a><\/li><li class='ez-toc-page-1 ez-toc-heading-level-1'><a class=\"ez-toc-link ez-toc-heading-4\" href=\"https:\/\/www.gscglobalservice.com\/it\/2025\/02\/15\/novita-del-modello-730-2025-cosa-ce-da-sapere\/#Detrazioni_per_redditi_da_lavoro_dipendente\" title=\"Detrazioni per redditi da lavoro dipendente.\">Detrazioni per redditi da lavoro dipendente.<\/a><\/li><li class='ez-toc-page-1 ez-toc-heading-level-1'><a class=\"ez-toc-link ez-toc-heading-5\" href=\"https:\/\/www.gscglobalservice.com\/it\/2025\/02\/15\/novita-del-modello-730-2025-cosa-ce-da-sapere\/#Bonus_%E2%80%9Ctredicesima%E2%80%9D\" title=\"Bonus &#8220;tredicesima&#8221;.\">Bonus &#8220;tredicesima&#8221;.<\/a><\/li><li class='ez-toc-page-1 ez-toc-heading-level-1'><a class=\"ez-toc-link ez-toc-heading-6\" href=\"https:\/\/www.gscglobalservice.com\/it\/2025\/02\/15\/novita-del-modello-730-2025-cosa-ce-da-sapere\/#Bonus_edilizi\" title=\"Bonus edilizi.\">Bonus edilizi.<\/a><\/li><li class='ez-toc-page-1 ez-toc-heading-level-1'><a class=\"ez-toc-link ez-toc-heading-7\" href=\"https:\/\/www.gscglobalservice.com\/it\/2025\/02\/15\/novita-del-modello-730-2025-cosa-ce-da-sapere\/#Trattamento_integrativo\" title=\"Trattamento integrativo.\">Trattamento integrativo.<\/a><\/li><li class='ez-toc-page-1 ez-toc-heading-level-1'><a class=\"ez-toc-link ez-toc-heading-8\" href=\"https:\/\/www.gscglobalservice.com\/it\/2025\/02\/15\/novita-del-modello-730-2025-cosa-ce-da-sapere\/#Rimodulazione_delle_detrazioni_per_oneri\" title=\"Rimodulazione delle detrazioni per oneri.\">Rimodulazione delle detrazioni per oneri.<\/a><\/li><li class='ez-toc-page-1 ez-toc-heading-level-1'><a class=\"ez-toc-link ez-toc-heading-9\" href=\"https:\/\/www.gscglobalservice.com\/it\/2025\/02\/15\/novita-del-modello-730-2025-cosa-ce-da-sapere\/#Nuovo_regime_agevolativo_per_redditi_dominicali_e_agrari\" title=\"Nuovo regime agevolativo per redditi dominicali e agrari.\">Nuovo regime agevolativo per redditi dominicali e agrari.<\/a><\/li><li class='ez-toc-page-1 ez-toc-heading-level-1'><a class=\"ez-toc-link ez-toc-heading-10\" href=\"https:\/\/www.gscglobalservice.com\/it\/2025\/02\/15\/novita-del-modello-730-2025-cosa-ce-da-sapere\/#Lavoro_dipendente_prestato_allestero_in_zona_di_frontiera\" title=\"Lavoro dipendente prestato all&#8217;estero in zona di frontiera.\">Lavoro dipendente prestato all&#8217;estero in zona di frontiera.<\/a><\/li><li class='ez-toc-page-1 ez-toc-heading-level-1'><a class=\"ez-toc-link ez-toc-heading-11\" href=\"https:\/\/www.gscglobalservice.com\/it\/2025\/02\/15\/novita-del-modello-730-2025-cosa-ce-da-sapere\/#Lavoratori_impatriati\" title=\"Lavoratori impatriati.\">Lavoratori impatriati.<\/a><\/li><li class='ez-toc-page-1 ez-toc-heading-level-1'><a class=\"ez-toc-link ez-toc-heading-12\" href=\"https:\/\/www.gscglobalservice.com\/it\/2025\/02\/15\/novita-del-modello-730-2025-cosa-ce-da-sapere\/#Lavoro_sportivo_dilettantistico_e_professionistico\" title=\"Lavoro sportivo dilettantistico e professionistico.\">Lavoro sportivo dilettantistico e professionistico.<\/a><\/li><li class='ez-toc-page-1 ez-toc-heading-level-1'><a class=\"ez-toc-link ez-toc-heading-13\" href=\"https:\/\/www.gscglobalservice.com\/it\/2025\/02\/15\/novita-del-modello-730-2025-cosa-ce-da-sapere\/#IVIE_E_IVAFE\" title=\"IVIE E IVAFE.\">IVIE E IVAFE.<\/a><\/li><\/ul><\/nav><\/div>\n[\/et_pb_code][et_pb_text _builder_version=&#8221;4.4.4&#8243; text_text_color=&#8221;#0c71c3&#8243; hover_enabled=&#8221;0&#8243;]<\/p>\n<h1><span class=\"ez-toc-section\" id=\"Ampliamento_della_platea_dei_beneficiari\"><\/span><strong>Ampliamento della platea dei beneficiari.<\/strong><span class=\"ez-toc-section-end\"><\/span><\/h1>\n<p>[\/et_pb_text][et_pb_text _builder_version=&#8221;4.4.4&#8243; text_font_size=&#8221;18px&#8221;]<\/p>\n<p>Nel modello 730\/2025, relativo al periodo d&#8217;imposta 2024, potranno essere inserite nuove tipologie di reddito. Vengono, infatti, inseriti due nuovi quadri:<\/p>\n<p>&#8211; il quadro M, relativo ai soggetti a <strong>tassazione separata<\/strong> e a <strong>imposta sostitutiva<\/strong>, per l&#8217;inserimento dei dati relativi alla rivalutazione del valore dei terreni.<\/p>\n<p>&#8211; il quadro T, in cui dovranno essere indicate le <strong>plusvalenze<\/strong> di natura finanziaria.<\/p>\n<p>&nbsp;<\/p>\n<p>Per cui, il modello 730\/2025 potr\u00e0 essere utilizzato dai contribuenti che nel 2024 hanno percepiti i seguenti redditi:<\/p>\n<p>&#8211; Redditi di lavoro dipendente e redditi assimilati<\/p>\n<p>&#8211; Redditi dei terreni e dei fabbricati<\/p>\n<p>&#8211; Redditi di capitale<\/p>\n<p>&#8211; Redditi di lavoro autonomo per i quali non \u00e8 richiesta la partita IVA<\/p>\n<p>&#8211; Redditi diversi<\/p>\n<p>&#8211; Alcuni redditi assoggettabili a tassazione separata e a imposta sostitutiva.<\/p>\n<p>&nbsp;<\/p>\n<p>La presentazione del modello potr\u00e0 avvenire secondo le seguenti modalit\u00e0:<\/p>\n<p>&#8211; direttamente da parte del contribuente<\/p>\n<p>&#8211; tramite CAF<\/p>\n<p>&nbsp;<\/p>\n<p>I contribuenti potranno utilizzare il modello 730\/2025 precompilato, che sar\u00e0 reso disponibile a partire dal <strong>30 Aprile 2025.<\/strong><\/p>\n<p>La scadenza per l&#8217;invio \u00e8 invece fissata, come di consueto, al <strong>30 Settembre 2025<\/strong>.<\/p>\n<p>[\/et_pb_text][et_pb_text _builder_version=&#8221;4.4.4&#8243; hover_enabled=&#8221;0&#8243;]<\/p>\n<h1><span class=\"ez-toc-section\" id=\"Nuove_aliquote_IRPEF\"><\/span><strong>Nuove aliquote IRPEF.<\/strong><span class=\"ez-toc-section-end\"><\/span><\/h1>\n<p>[\/et_pb_text][et_pb_text _builder_version=&#8221;4.4.4&#8243; text_font_size=&#8221;18px&#8221;]<\/p>\n<p>\u00c8 forse la novit\u00e0 pi\u00f9 importante: la riduzione dell&#8217;IRPEF da quattro a <strong>tre aliquote<\/strong> e relativi scaglioni di reddito.\u00a0<\/p>\n<p>Per l&#8217;anno imposta 2024 si deve fare riferimento alla seguente tabella riassuntiva:<\/p>\n<p>[\/et_pb_text][et_pb_image src=&#8221;https:\/\/www.gscglobalservice.com\/it\/wp-content\/uploads\/2025\/02\/IMG_8050.jpg&#8221; title_text=&#8221;IMG_8050&#8243; _builder_version=&#8221;4.4.4&#8243; width=&#8221;65%&#8221; hover_enabled=&#8221;0&#8243;][\/et_pb_image][et_pb_text _builder_version=&#8221;4.4.4&#8243; text_font_size=&#8221;18px&#8221; hover_enabled=&#8221;0&#8243;]<\/p>\n<h1><span class=\"ez-toc-section\" id=\"Locazioni_brevi\"><\/span><strong>Locazioni brevi.<\/strong><span class=\"ez-toc-section-end\"><\/span><\/h1>\n<p>[\/et_pb_text][et_pb_text _builder_version=&#8221;4.4.4&#8243; text_font_size=&#8221;18px&#8221;]<\/p>\n<p>In linea generale ai contratti assoggettati a imposta sostitutiva si applica la cedolare secca con aliquota al <strong>26%<\/strong>. Per un&#8217;unica unit\u00e0 immobiliare si potr\u00e0 applicare l&#8217;aliquota ridotta al <strong>21%<\/strong>. Tale scelta dovr\u00e0 essere indicata nella dichiarazione dei redditi 2025.<\/p>\n<p>[\/et_pb_text][et_pb_text _builder_version=&#8221;4.4.4&#8243; hover_enabled=&#8221;0&#8243;]<\/p>\n<h1><span class=\"ez-toc-section\" id=\"Detrazioni_per_redditi_da_lavoro_dipendente\"><\/span><strong>Detrazioni per redditi da lavoro dipendente.<\/strong><span class=\"ez-toc-section-end\"><\/span><\/h1>\n<p>[\/et_pb_text][et_pb_text _builder_version=&#8221;4.4.4&#8243; text_font_size=&#8221;18px&#8221;]<\/p>\n<p>Per il periodo d&#8217;imposta 2024 lo sconto sull&#8217;IRPEF \u00e8 stato aumentato da \u20ac 1.880 a <strong>\u20ac 1.955<\/strong>, con esclusione delle pensioni e degli assegni equiparati, nell&#8217;ipotesi di reddito complessivo fino a \u20ac 15.000<\/p>\n<p>[\/et_pb_text][et_pb_text _builder_version=&#8221;4.4.4&#8243; hover_enabled=&#8221;0&#8243;]<\/p>\n<h1><span class=\"ez-toc-section\" id=\"Bonus_%E2%80%9Ctredicesima%E2%80%9D\"><\/span><strong>Bonus &#8220;tredicesima&#8221;.<\/strong><span class=\"ez-toc-section-end\"><\/span><\/h1>\n<p>[\/et_pb_text][et_pb_text _builder_version=&#8221;4.4.4&#8243; text_font_size=&#8221;18px&#8221;]<\/p>\n<p>La novit\u00e0 del bonus tredicesima, o bonus Natale, consiste in un&#8217;indennit\u00e0 di <strong>\u20ac 100<\/strong> riconosciuta in busta paga nel mese di dicembre 2024 ai lavoratori dipendenti con reddito fino a \u20ac 28.000, nel rispetto di determinati requisiti.\u00a0<\/p>\n<p>L&#8217;importo pu\u00f2 essere anche fruito in <strong>detrazione<\/strong>, indicandolo nel Modello 730\/2025.<\/p>\n<p>[\/et_pb_text][et_pb_text _builder_version=&#8221;4.4.4&#8243; hover_enabled=&#8221;0&#8243;]<\/p>\n<h1><span class=\"ez-toc-section\" id=\"Bonus_edilizi\"><\/span><strong>Bonus edilizi.<\/strong><span class=\"ez-toc-section-end\"><\/span><\/h1>\n<p>[\/et_pb_text][et_pb_text _builder_version=&#8221;4.4.4&#8243; text_font_size=&#8221;18px&#8221;]<\/p>\n<p>In particolare:<\/p>\n<p><strong>1) SUPERBONUS.<\/strong><\/p>\n<p>Salvo eccezioni, si applica la percentuale di detrazione del 70% per le spese sostenute nel 2024, rientranti nel Superbonus, con <strong>detrazione<\/strong> da utilizzare obbligatoriamente \u00a0in 10 anni.<\/p>\n<p><strong>2) BONUS MOBILI E GRANDI ELETTRODOMESTICI.<\/strong><\/p>\n<p>Il limite di spesa \u00e8 fissato a <strong>\u20ac 5.000.<\/strong><\/p>\n<p><strong>3) SISMABONUS E BONUS BARRIERE.<\/strong><\/p>\n<p>Per le spese sostenute nel 2024 per l&#8217;eliminazione delle barriere architettoniche (anche in questo caso con <strong>detrazione<\/strong> in 10 anni).<\/p>\n<p>[\/et_pb_text][et_pb_text _builder_version=&#8221;4.4.4&#8243; hover_enabled=&#8221;0&#8243;]<\/p>\n<h1><span class=\"ez-toc-section\" id=\"Trattamento_integrativo\"><\/span><strong>Trattamento integrativo.<\/strong><span class=\"ez-toc-section-end\"><\/span><\/h1>\n<p>[\/et_pb_text][et_pb_text _builder_version=&#8221;4.4.4&#8243; text_font_size=&#8221;18px&#8221;]<\/p>\n<p>Per il 2024 \u00e8 riconosciuto il trattamento integrativo per i contribuenti con reddito complessivo fino a \u20ac 15.000. L&#8217;importo \u00e8 corrisposto se l&#8217;imposta lorda, determinata sul reddito di lavoro dipendente e su alcuni redditi assimilati, \u00e8 di <strong>importo superiore<\/strong> a quello della detrazione per lavoro dipendente diminuita di \u20ac 75 e rapportata al periodo di lavoro nell&#8217;anno.<\/p>\n<p>[\/et_pb_text][et_pb_text _builder_version=&#8221;4.4.4&#8243; hover_enabled=&#8221;0&#8243;]<\/p>\n<h1><span class=\"ez-toc-section\" id=\"Rimodulazione_delle_detrazioni_per_oneri\"><\/span><strong>Rimodulazione delle detrazioni per oneri.<\/strong><span class=\"ez-toc-section-end\"><\/span><\/h1>\n<p>[\/et_pb_text][et_pb_text _builder_version=&#8221;4.4.4&#8243; text_font_size=&#8221;18px&#8221;]<\/p>\n<p>Per i contribuenti titolari di un reddito complessivo superiore a \u20ac 50.000, \u00e8 prevista una riduzione di <strong>\u20ac 260<\/strong> dell&#8217;ammontare della detrazione dall&#8217;imposta lorda spettante per l&#8217;anno 2024.<\/p>\n<p>[\/et_pb_text][et_pb_text _builder_version=&#8221;4.4.4&#8243; hover_enabled=&#8221;0&#8243;]<\/p>\n<h1><span class=\"ez-toc-section\" id=\"Nuovo_regime_agevolativo_per_redditi_dominicali_e_agrari\"><\/span><strong>Nuovo regime agevolativo per redditi dominicali e agrari.<\/strong><span class=\"ez-toc-section-end\"><\/span><\/h1>\n<p>[\/et_pb_text][et_pb_text _builder_version=&#8221;4.4.4&#8243; text_font_size=&#8221;18px&#8221;]<\/p>\n<p>Per i coltivatori diretti e I.A.P. (Imprenditori Agricoli Professionali) i redditi del biennio 2024 e 2025, considerati <strong>congiuntamente<\/strong>, non rientreranno nel calcolo della formazione del reddito complessivo.\u00a0<\/p>\n<p>[\/et_pb_text][et_pb_text _builder_version=&#8221;4.4.4&#8243; hover_enabled=&#8221;0&#8243;]<\/p>\n<h1><span class=\"ez-toc-section\" id=\"Lavoro_dipendente_prestato_allestero_in_zona_di_frontiera\"><\/span><strong>Lavoro dipendente prestato all&#8217;estero in zona di frontiera.<\/strong><span class=\"ez-toc-section-end\"><\/span><\/h1>\n<p>[\/et_pb_text][et_pb_text _builder_version=&#8221;4.4.4&#8243; text_font_size=&#8221;18px&#8221;]<\/p>\n<p>Per i soggetti in questione, il reddito derivante da lavoro prestato in via continuativa e come oggetto esclusivo del rapporto, dallo scorso anno rientra nel calcolo del reddito complessivo per l&#8217;importo che supera il tetto di <strong>\u20ac 10.000<\/strong>.<\/p>\n<p>[\/et_pb_text][et_pb_text _builder_version=&#8221;4.4.4&#8243; hover_enabled=&#8221;0&#8243;]<\/p>\n<h1><span class=\"ez-toc-section\" id=\"Lavoratori_impatriati\"><\/span><strong>Lavoratori impatriati.<\/strong><span class=\"ez-toc-section-end\"><\/span><\/h1>\n<p>[\/et_pb_text][et_pb_text _builder_version=&#8221;4.4.4&#8243; text_font_size=&#8221;18px&#8221;]<\/p>\n<p>Ridisegnato il regime fiscale agevolato per i lavoratori impatriati che trasferiscono la <strong>residenza fiscale<\/strong> in Italia a decorrere dal periodo d&#8217;imposta 2024.<\/p>\n<p>[\/et_pb_text][et_pb_text _builder_version=&#8221;4.4.4&#8243; hover_enabled=&#8221;0&#8243;]<\/p>\n<h1><span class=\"ez-toc-section\" id=\"Lavoro_sportivo_dilettantistico_e_professionistico\"><\/span><strong>Lavoro sportivo dilettantistico e professionistico.<\/strong><span class=\"ez-toc-section-end\"><\/span><\/h1>\n<p>[\/et_pb_text][et_pb_text _builder_version=&#8221;4.4.4&#8243; text_font_size=&#8221;18px&#8221;]<\/p>\n<p>Ridefinito l&#8217;ambito fiscale del lavoro sportivo che, dal 1\u00b0 Luglio 2024, <strong>non<\/strong> pu\u00f2 generare reddito assimilato a quello di lavoro autonomo.<\/p>\n<p>[\/et_pb_text][et_pb_text _builder_version=&#8221;4.4.4&#8243; hover_enabled=&#8221;0&#8243;]<\/p>\n<h1><span class=\"ez-toc-section\" id=\"IVIE_E_IVAFE\"><\/span><strong>IVIE E IVAFE.<\/strong><span class=\"ez-toc-section-end\"><\/span><\/h1>\n<p>[\/et_pb_text][et_pb_text _builder_version=&#8221;4.4.4&#8243; text_font_size=&#8221;18px&#8221;]<\/p>\n<p>L&#8217;<strong>aliquota dell&#8217;IVIE<\/strong> (Imposta sul Valore degli Immobili situati all&#8217;Estero) \u00e8 fissata all&#8217;1,06% mentre l&#8217;<strong>aliquota IVAFE<\/strong> (Imposta sul Valore delle Attivit\u00e0 Finanziarie detenute all&#8217;Estero) \u00e8 del 4 per mille annuo.<\/p>\n<p>[\/et_pb_text][et_pb_code _builder_version=&#8221;4.4.4&#8243;][\/et_pb_code][\/et_pb_column][\/et_pb_row][\/et_pb_section][et_pb_section fb_built=&#8221;1&#8243; admin_label=&#8221;Process&#8221; _builder_version=&#8221;3.26&#8243; custom_margin=&#8221;|40px||40px|false|true&#8221; custom_padding=&#8221;||0px|||&#8221; saved_tabs=&#8221;all&#8221; locked=&#8221;off&#8221;][et_pb_row column_structure=&#8221;1_4,1_4,1_4,1_4&#8243; _builder_version=&#8221;3.26&#8243; width=&#8221;100%&#8221; max_width=&#8221;100%&#8221; custom_margin=&#8221;||15px||false|false&#8221;][et_pb_column type=&#8221;1_4&#8243; _builder_version=&#8221;3.25&#8243; custom_padding=&#8221;|||&#8221; custom_padding__hover=&#8221;|||&#8221;][et_pb_blurb icon_placement=&#8221;left&#8221; _builder_version=&#8221;4.4.4&#8243; header_level=&#8221;h3&#8243; header_font=&#8221;||||||||&#8221; header_text_align=&#8221;right&#8221; header_font_size=&#8221;18px&#8221; header_line_height=&#8221;2.3em&#8221; body_font=&#8221;Raleway|300|||||||&#8221; body_text_color=&#8221;#999999&#8243; body_font_size=&#8221;16px&#8221; body_line_height=&#8221;1.8em&#8221; text_orientation=&#8221;right&#8221; custom_margin=&#8221;-9px|41px|||false|false&#8221; custom_padding=&#8221;||||false|false&#8221; animation_style=&#8221;slide&#8221; animation_direction=&#8221;left&#8221; animation_duration=&#8221;500ms&#8221; animation_intensity_slide=&#8221;5%&#8221; animation_starting_opacity=&#8221;100%&#8221; header_font_size_tablet=&#8221;&#8221; header_font_size_phone=&#8221;16px&#8221; header_font_size_last_edited=&#8221;on|phone&#8221; custom_css_blurb_image=&#8221;float:right;||&#8221;]<\/p>\n<p><strong>CHI SIAMO E I NOSTRI CONTATTI:<\/strong><\/p>\n<p>[\/et_pb_blurb][\/et_pb_column][et_pb_column type=&#8221;1_4&#8243; _builder_version=&#8221;3.25&#8243; custom_padding=&#8221;|||&#8221; custom_padding__hover=&#8221;|||&#8221;][et_pb_text _builder_version=&#8221;4.4.4&#8243; text_font=&#8221;Raleway|300|||||||&#8221; text_font_size=&#8221;16px&#8221; text_line_height=&#8221;1.8em&#8221; header_font=&#8221;|700||on|||||&#8221; header_font_size=&#8221;80px&#8221; header_2_font=&#8221;Lato||||||||&#8221; header_2_font_size=&#8221;46px&#8221; header_3_font=&#8221;||||||||&#8221; header_3_font_size=&#8221;20px&#8221; text_text_align=&#8221;left&#8221;]<\/p>\n<p><span style=\"font-size: 18.72px;\"><strong>Global service center s.a.s.<\/strong><\/span><\/p>\n<p><span style=\"font-size: 16px;\">Centro servizi CAF &#8211; PATRONATO &#8211; <\/span><span style=\"font-size: 16px;\">SERVIZI DI CONTABILITA&#8217;<\/span><\/p>\n<p><span style=\"font-size: 16px;\">Siamo aperti al pubblico\u00a0da lunedi al giovedi dalle ore:<\/span><\/p>\n<p><span style=\"font-size: 16px;\">09.30-13.30<br \/> 14.00-18.00<\/span><\/p>\n<p><span style=\"font-size: 16px;\">E il venerd\u00ec dalle ore:<\/span><\/p>\n<p><span style=\"font-size: 16px;\">9:30-13:30<\/span><\/p>\n<p>[\/et_pb_text][\/et_pb_column][et_pb_column type=&#8221;1_4&#8243; _builder_version=&#8221;3.25&#8243; custom_padding=&#8221;|||&#8221; custom_padding__hover=&#8221;|||&#8221;][et_pb_text _builder_version=&#8221;4.4.4&#8243; text_font=&#8221;Raleway|300|||||||&#8221; text_font_size=&#8221;16px&#8221; text_line_height=&#8221;1.8em&#8221; header_font=&#8221;|700||on|||||&#8221; header_font_size=&#8221;80px&#8221; header_2_font=&#8221;Lato||||||||&#8221; header_2_font_size=&#8221;46px&#8221; header_3_font=&#8221;||||||||&#8221; header_3_font_size=&#8221;20px&#8221; custom_margin=&#8221;||9px|||&#8221; text_text_align=&#8221;left&#8221;]<\/p>\n<p><span style=\"font-size: 18.72px;\"><strong>Contattaci<\/strong><\/span><\/p>\n<p>[\/et_pb_text][et_pb_text _builder_version=&#8221;4.4.4&#8243; text_font=&#8221;Raleway|300|||||||&#8221; text_font_size=&#8221;16px&#8221; text_line_height=&#8221;1.8em&#8221; header_font=&#8221;|700||on|||||&#8221; header_font_size=&#8221;80px&#8221; header_2_font=&#8221;Lato||||||||&#8221; header_2_font_size=&#8221;46px&#8221; header_3_font=&#8221;||||||||&#8221; header_3_font_size=&#8221;20px&#8221; custom_margin=&#8221;||9px|||&#8221; text_text_align=&#8221;left&#8221;]<\/p>\n<p><span style=\"color: #000000;\"><em>Scannerizza il codice o <a href=\"https:\/\/typecard.com\/c141a6b1\">clicca qui<\/a><\/em><\/span><span style=\"color: #000000;\"><em><a href=\"https:\/\/typecard.com\/c141a6b1\">\u00a0<\/a>per i nostri contatti<\/em><\/span><\/p>\n<p>[\/et_pb_text][et_pb_image src=&#8221;https:\/\/www.gscglobalservice.com\/it\/wp-content\/uploads\/2024\/12\/IMG_3264.jpeg&#8221; title_text=&#8221;IMG_3264&#8243; url_new_window=&#8221;on&#8221; _builder_version=&#8221;4.4.4&#8243; width=&#8221;50%&#8221;][\/et_pb_image][\/et_pb_column][et_pb_column type=&#8221;1_4&#8243; _builder_version=&#8221;3.25&#8243; custom_padding=&#8221;|||&#8221; custom_padding__hover=&#8221;|||&#8221;][et_pb_text _builder_version=&#8221;4.4.4&#8243; text_font=&#8221;Raleway|300|||||||&#8221; text_font_size=&#8221;16px&#8221; text_line_height=&#8221;1.8em&#8221; header_font=&#8221;|700||on|||||&#8221; header_font_size=&#8221;80px&#8221; header_2_font=&#8221;Lato||||||||&#8221; header_2_font_size=&#8221;46px&#8221; header_3_font=&#8221;||||||||&#8221; header_3_font_size=&#8221;20px&#8221; text_text_align=&#8221;left&#8221;]<\/p>\n<p><strong>Informazioni<\/strong><\/p>\n<p><span style=\"font-size: 16px;\"><a href=\"#\">Privacy Policy<\/a><br \/> <a href=\"#\">F.A.Q.<\/a><br \/> <a href=\"#\">Blog<\/a><br \/> <a href=\"#\">Terms &amp; Conditions<\/a><\/span><\/p>\n<p>[\/et_pb_text][et_pb_image src=&#8221;https:\/\/www.gscglobalservice.com\/it\/wp-content\/uploads\/2020\/12\/pwa_ico.png&#8221; title_text=&#8221;pwa_ico&#8221; _builder_version=&#8221;4.4.4&#8243; width=&#8221;16%&#8221;][\/et_pb_image][\/et_pb_column][\/et_pb_row][\/et_pb_section]<\/p>\n","protected":false},"excerpt":{"rendered":"<p>[et_pb_section fb_built=&#8221;1&#8243; admin_label=&#8221;Process&#8221; _builder_version=&#8221;4.4.4&#8243; background_color=&#8221;#d2e4f9&#8243; custom_margin=&#8221;|-31px||-31px|false|false&#8221; custom_padding=&#8221;||0px|||&#8221; saved_tabs=&#8221;all&#8221; locked=&#8221;off&#8221;][et_pb_row _builder_version=&#8221;4.4.4&#8243;][et_pb_column type=&#8221;4_4&#8243; _builder_version=&#8221;4.4.4&#8243;][et_pb_image src=&#8221;https:\/\/www.gscglobalservice.com\/it\/wp-content\/uploads\/2025\/02\/IMG_3438.jpg&#8221; title_text=&#8221;IMG_3438&#8243; _builder_version=&#8221;4.4.4&#8243;][\/et_pb_image][\/et_pb_column][\/et_pb_row][\/et_pb_section][et_pb_section fb_built=&#8221;1&#8243; _builder_version=&#8221;4.4.4&#8243;][et_pb_row _builder_version=&#8221;4.4.4&#8243;][et_pb_column type=&#8221;4_4&#8243; _builder_version=&#8221;4.4.4&#8243;][et_pb_text _builder_version=&#8221;4.4.4&#8243; text_font_size=&#8221;20px&#8221;] In attesa dell&#8217;avvio della stagione dichiarativa, l&#8217;Agenzia delle Entrate ha messo a disposizione online: &#8211; la bozza del modello 730\/2025 &#8211; le istruzioni per la compilazione Le principali novit\u00e0 contenute nel Modello 730\/2025 [&hellip;]<\/p>\n","protected":false},"author":3,"featured_media":0,"comment_status":"closed","ping_status":"closed","sticky":false,"template":"","format":"standard","meta":{"_et_pb_use_builder":"on","_et_pb_old_content":"","_et_gb_content_width":"","om_disable_all_campaigns":false,"_monsterinsights_skip_tracking":false,"jetpack_publicize_message":"","jetpack_is_tweetstorm":false,"jetpack_publicize_feature_enabled":true,"jetpack_social_post_already_shared":true,"jetpack_social_options":{"image_generator_settings":{"template":"highway","enabled":false}}},"categories":[1],"tags":[],"jetpack_publicize_connections":[],"jetpack_sharing_enabled":true,"jetpack_featured_media_url":"","jetpack-related-posts":[{"id":226575,"url":"https:\/\/www.gscglobalservice.com\/it\/2025\/04\/29\/dote-scuola-2025-2026\/","url_meta":{"origin":226053,"position":0},"title":"Dote Scuola 2025-2026","author":"Alessandra Trevisan","date":"Aprile 29, 2025","format":false,"excerpt":"","rel":"","context":"Articolo simile","block_context":{"text":"Articolo simile","link":""},"img":{"alt_text":"","src":"https:\/\/i0.wp.com\/www.gscglobalservice.com\/it\/wp-content\/uploads\/2025\/04\/dote-scuola-2025-2026.jpg?fit=1024%2C650&ssl=1&resize=350%2C200","width":350,"height":200,"srcset":"https:\/\/i0.wp.com\/www.gscglobalservice.com\/it\/wp-content\/uploads\/2025\/04\/dote-scuola-2025-2026.jpg?fit=1024%2C650&ssl=1&resize=350%2C200 1x, https:\/\/i0.wp.com\/www.gscglobalservice.com\/it\/wp-content\/uploads\/2025\/04\/dote-scuola-2025-2026.jpg?fit=1024%2C650&ssl=1&resize=525%2C300 1.5x, https:\/\/i0.wp.com\/www.gscglobalservice.com\/it\/wp-content\/uploads\/2025\/04\/dote-scuola-2025-2026.jpg?fit=1024%2C650&ssl=1&resize=700%2C400 2x"},"classes":[]},{"id":226562,"url":"https:\/\/www.gscglobalservice.com\/it\/2025\/04\/03\/bonus-bollette-2025\/","url_meta":{"origin":226053,"position":1},"title":"Bonus Bollette 2025","author":"Alessandra Trevisan","date":"Aprile 3, 2025","format":false,"excerpt":"Il Bonus Bollette \u00e8 un contributo straordinario del valore di 200 euro sulle forniture di energia elettrica. Questo contributo straordinario\u2026","rel":"","context":"Articolo simile","block_context":{"text":"Articolo simile","link":""},"img":{"alt_text":"","src":"","width":0,"height":0},"classes":[]},{"id":226319,"url":"https:\/\/www.gscglobalservice.com\/it\/2025\/02\/16\/assegno-unico-universale\/","url_meta":{"origin":226053,"position":2},"title":"Assegno Unico Universale","author":"Alessandra Trevisan","date":"Febbraio 16, 2025","format":false,"excerpt":"L'assegno unico \u00e8 la prestazione economica riconosciuta alle famiglie con figli a carico.\u2026","rel":"","context":"Articolo simile","block_context":{"text":"Articolo simile","link":""},"img":{"alt_text":"","src":"","width":0,"height":0},"classes":[]},{"id":226725,"url":"https:\/\/www.gscglobalservice.com\/it\/2025\/12\/31\/pos-e-registratori-di-cassa-collegati-dal-2026\/","url_meta":{"origin":226053,"position":3},"title":"POS E REGISTRATORI DI CASSA COLLEGATI DAL 2026","author":"Alessandra Trevisan","date":"Dicembre 31, 2025","format":false,"excerpt":"L'obiettivo \u00e8 di ridurre al minimo\u2026","rel":"","context":"Articolo simile","block_context":{"text":"Articolo simile","link":""},"img":{"alt_text":"","src":"https:\/\/i0.wp.com\/www.gscglobalservice.com\/it\/wp-content\/uploads\/2025\/12\/articolo-2.png?fit=1057%2C452&ssl=1&resize=350%2C200","width":350,"height":200,"srcset":"https:\/\/i0.wp.com\/www.gscglobalservice.com\/it\/wp-content\/uploads\/2025\/12\/articolo-2.png?fit=1057%2C452&ssl=1&resize=350%2C200 1x, https:\/\/i0.wp.com\/www.gscglobalservice.com\/it\/wp-content\/uploads\/2025\/12\/articolo-2.png?fit=1057%2C452&ssl=1&resize=525%2C300 1.5x, https:\/\/i0.wp.com\/www.gscglobalservice.com\/it\/wp-content\/uploads\/2025\/12\/articolo-2.png?fit=1057%2C452&ssl=1&resize=700%2C400 2x, https:\/\/i0.wp.com\/www.gscglobalservice.com\/it\/wp-content\/uploads\/2025\/12\/articolo-2.png?fit=1057%2C452&ssl=1&resize=1050%2C600 3x"},"classes":[]},{"id":226368,"url":"https:\/\/www.gscglobalservice.com\/it\/2025\/02\/16\/assegno-di-inclusione\/","url_meta":{"origin":226053,"position":4},"title":"Assegno di Inclusione","author":"Alessandra Trevisan","date":"Febbraio 16, 2025","format":false,"excerpt":"L'Assegno di Inclusione (ADI) \u00e8 una misura nazionale di contrasto alla povert\u00e0, alla fragilit\u00e0 e all'esclusione sociale delle\u2026","rel":"","context":"Articolo simile","block_context":{"text":"Articolo simile","link":""},"img":{"alt_text":"","src":"","width":0,"height":0},"classes":[]},{"id":226894,"url":"https:\/\/www.gscglobalservice.com\/it\/2026\/01\/04\/bonus-casa-o-ristrutturazioni\/","url_meta":{"origin":226053,"position":5},"title":"Bonus Casa (o Ristrutturazioni)","author":"Alessandra Trevisan","date":"Gennaio 4, 2026","format":false,"excerpt":"La\u2026","rel":"","context":"Articolo simile","block_context":{"text":"Articolo simile","link":""},"img":{"alt_text":"","src":"https:\/\/i0.wp.com\/www.gscglobalservice.com\/it\/wp-content\/uploads\/2026\/01\/casa-bonus.png?fit=1057%2C452&ssl=1&resize=350%2C200","width":350,"height":200,"srcset":"https:\/\/i0.wp.com\/www.gscglobalservice.com\/it\/wp-content\/uploads\/2026\/01\/casa-bonus.png?fit=1057%2C452&ssl=1&resize=350%2C200 1x, https:\/\/i0.wp.com\/www.gscglobalservice.com\/it\/wp-content\/uploads\/2026\/01\/casa-bonus.png?fit=1057%2C452&ssl=1&resize=525%2C300 1.5x, https:\/\/i0.wp.com\/www.gscglobalservice.com\/it\/wp-content\/uploads\/2026\/01\/casa-bonus.png?fit=1057%2C452&ssl=1&resize=700%2C400 2x, https:\/\/i0.wp.com\/www.gscglobalservice.com\/it\/wp-content\/uploads\/2026\/01\/casa-bonus.png?fit=1057%2C452&ssl=1&resize=1050%2C600 3x"},"classes":[]}],"_links":{"self":[{"href":"https:\/\/www.gscglobalservice.com\/it\/wp-json\/wp\/v2\/posts\/226053"}],"collection":[{"href":"https:\/\/www.gscglobalservice.com\/it\/wp-json\/wp\/v2\/posts"}],"about":[{"href":"https:\/\/www.gscglobalservice.com\/it\/wp-json\/wp\/v2\/types\/post"}],"author":[{"embeddable":true,"href":"https:\/\/www.gscglobalservice.com\/it\/wp-json\/wp\/v2\/users\/3"}],"replies":[{"embeddable":true,"href":"https:\/\/www.gscglobalservice.com\/it\/wp-json\/wp\/v2\/comments?post=226053"}],"version-history":[{"count":67,"href":"https:\/\/www.gscglobalservice.com\/it\/wp-json\/wp\/v2\/posts\/226053\/revisions"}],"predecessor-version":[{"id":226184,"href":"https:\/\/www.gscglobalservice.com\/it\/wp-json\/wp\/v2\/posts\/226053\/revisions\/226184"}],"wp:attachment":[{"href":"https:\/\/www.gscglobalservice.com\/it\/wp-json\/wp\/v2\/media?parent=226053"}],"wp:term":[{"taxonomy":"category","embeddable":true,"href":"https:\/\/www.gscglobalservice.com\/it\/wp-json\/wp\/v2\/categories?post=226053"},{"taxonomy":"post_tag","embeddable":true,"href":"https:\/\/www.gscglobalservice.com\/it\/wp-json\/wp\/v2\/tags?post=226053"}],"curies":[{"name":"wp","href":"https:\/\/api.w.org\/{rel}","templated":true}]}}